{"id":30281,"date":"2021-01-18T16:02:26","date_gmt":"2021-01-18T16:02:26","guid":{"rendered":"https:\/\/www.lab.eus\/?p=30281"},"modified":"2021-01-18T16:02:28","modified_gmt":"2021-01-18T16:02:28","slug":"la-empresa-egile-mechanics-de-mendaro-despide-a-12-trabajadoras-y-trabajadores","status":"publish","type":"post","link":"https:\/\/www.lab.eus\/es\/la-empresa-egile-mechanics-de-mendaro-despide-a-12-trabajadoras-y-trabajadores\/","title":{"rendered":"La empresa Egile Mechanics de Mendaro despide a 12 trabajadoras y trabajadores"},"content":{"rendered":"\n<p>La crisis en el sector de la aeron\u00e1utica tambi\u00e9n ha llegado a Debaldea. El pasado final de 2020 la empresa Egile Mechanics despidi\u00f3 a 12 trabajadores y trabajadoras tras aplicar un ERTE. Queda claro que la patronal va a utilizar tanto herramientas coyunturales en forma de ERTEs como decisiones estructurales como los despidos para hacer frente a la situaci\u00f3n que ha provocado el COVID-19, empeorando las condiciones de trabajo del sector en un futuro.<\/p>\n\n\n\n<p>Tal y como <a href=\"https:\/\/www.lab.eus\/es\/hemos-planteado-medidas-de-emergencia-para-salvar-el-futuro-del-sector-aeronautico\/\">hicimos p\u00fablico el pasado 15 de diciembre<\/a>, nos han vendido el sector aeron\u00e1utico como estrat\u00e9gico y por ello se ha invertido mucho dinero p\u00fablico. A\u00fan as\u00ed, los trabajadores y trabajadoras han quedado totalmente desprotegidos y se est\u00e1 destruyendo empleo, transformando el sector y buscando sustituir los actuales trabajadores y trabajadoras por plantillas a\u00fan m\u00e1s precarias.<\/p>\n\n\n\n<p>Le pedimos medidas valientes tanto a la patronal como a la administraci\u00f3n: invertir en personas, utilizar herramientas que eviten los despidos, repartir el dinero de manera responsable&#8230; y los despidos refuerzan nuestras peticiones, ya que se encuadran en este contexto.<\/p>\n\n\n\n<p>La clase trabajadora est\u00e1 pagando los efectos de la crisis y desde LAB seguiremos defendiendo el empleo digno y poniendo en marcha din\u00e1micas que activen a la clase trabajadora. Del mismo modo, le pedimos a la empresa que tome medidas alternativas que dejen sin efecto los despidos readmitiendo a las y los trabajadores despedidos y dejamos claro que en un futuro no aceptaremos m\u00e1s despidos.<\/p>\n","protected":false},"excerpt":{"rendered":"<p>La crisis en el sector de la aeron\u00e1utica tambi\u00e9n ha llegado a Debaldea. El pasado final de 2020 la empresa Egile Mechanics despidi\u00f3 a 12 trabajadores y trabajadoras tras aplicar un ERTE. Queda claro que la patronal va a utilizar tanto herramientas coyunturales en forma de ERTEs como decisiones estructurales como los despidos para hacer frente a la situaci\u00f3n que ha provocado el COVID-19, empeorando las condiciones de trabajo del sector en un futuro.<\/p>\n","protected":false},"author":1189,"featured_media":30279,"comment_status":"closed","ping_status":"closed","sticky":false,"template":"","format":"standard","meta":{"_monsterinsights_skip_tracking":false,"_monsterinsights_sitenote_active":false,"_monsterinsights_sitenote_note":"","_monsterinsights_sitenote_category":0,"footnotes":"","_links_to":"","_links_to_target":""},"categories":[18,2868],"tags":[3178,2996],"class_list":{"0":"post-30281","1":"post","2":"type-post","3":"status-publish","4":"format-standard","5":"has-post-thumbnail","7":"category-es-accion-sindical","8":"category-industria-es","9":"tag-destacado-1","10":"tag-industria-es"},"_links":{"self":[{"href":"https:\/\/www.lab.eus\/es\/wp-json\/wp\/v2\/posts\/30281","targetHints":{"allow":["GET"]}}],"collection":[{"href":"https:\/\/www.lab.eus\/es\/wp-json\/wp\/v2\/posts"}],"about":[{"href":"https:\/\/www.lab.eus\/es\/wp-json\/wp\/v2\/types\/post"}],"author":[{"embeddable":true,"href":"https:\/\/www.lab.eus\/es\/wp-json\/wp\/v2\/users\/1189"}],"replies":[{"embeddable":true,"href":"https:\/\/www.lab.eus\/es\/wp-json\/wp\/v2\/comments?post=30281"}],"version-history":[{"count":0,"href":"https:\/\/www.lab.eus\/es\/wp-json\/wp\/v2\/posts\/30281\/revisions"}],"wp:featuredmedia":[{"embeddable":true,"href":"https:\/\/www.lab.eus\/es\/wp-json\/wp\/v2\/media\/30279"}],"wp:attachment":[{"href":"https:\/\/www.lab.eus\/es\/wp-json\/wp\/v2\/media?parent=30281"}],"wp:term":[{"taxonomy":"category","embeddable":true,"href":"https:\/\/www.lab.eus\/es\/wp-json\/wp\/v2\/categories?post=30281"},{"taxonomy":"post_tag","embeddable":true,"href":"https:\/\/www.lab.eus\/es\/wp-json\/wp\/v2\/tags?post=30281"}],"curies":[{"name":"wp","href":"https:\/\/api.w.org\/{rel}","templated":true}]}}