{"id":29895,"date":"2020-12-22T13:32:23","date_gmt":"2020-12-22T13:32:23","guid":{"rendered":"https:\/\/www.lab.eus\/?p=29895"},"modified":"2020-12-22T13:32:25","modified_gmt":"2020-12-22T13:32:25","slug":"denunciamos-la-precaria-situacion-del-servicio-de-limpieza-en-los-centros-de-osakidetza-de-la-osi-araba","status":"publish","type":"post","link":"https:\/\/www.lab.eus\/es\/denunciamos-la-precaria-situacion-del-servicio-de-limpieza-en-los-centros-de-osakidetza-de-la-osi-araba\/","title":{"rendered":"Denunciamos la precaria situaci\u00f3n del servicio de limpieza en los centros de Osakidetza de la OSI Araba"},"content":{"rendered":"\n<p>El servicio se encuentra actualmente en manos de la empresa Garbialdi. En medio de una pandemia como la que estamos viviendo desde el pasado marzo, en la que las diferentes administraciones han decretado medidas y restricciones severas (toque de queda, limitaci\u00f3n de aforos, limitaci\u00f3n de movimientos, obligatoriedad de llevar mascarilla, cierre de la hosteler\u00eda,&#8230;), y en la que es primordial aumentar las medidas de limpieza e higiene en cualquier \u00e1mbito, m\u00e1s si cabe en centros ambulatorios y hospitalarios, debemos informar de la precaria situaci\u00f3n en la que estamos trabajando el personal de limpieza subcontratado.<\/p>\n\n\n\n<p>Las trabajadoras de limpieza, \u00fanicamente disponemos de un desinfectante que no limpia; la limpieza la debemos realizar con jab\u00f3n de manos, que es el \u00fanico que proporciona la empresa; el desincrustante de WC (un litro) se nos distribuye una vez cada 6 meses, y en algunos centros ni eso; en casi 3 a\u00f1os no se han pulido los suelos; en cuanto a la limpieza de cortinas y cristales, est\u00e1n muy lejos de cumplir lo estipulado en el pliego de condiciones; no se est\u00e1n supliendo las ausencias de las trabajadoras, lo que est\u00e1 ocasionando que haya turnos enteros en los que no haya servicio de limpieza durante d\u00edas. Las cargas de trabajo ya eran grandes antes de llegar la pandemia, ahora son insoportables.<\/p>\n\n\n\n<p>La situaci\u00f3n descrita est\u00e1, desde hace tiempo, en conocimiento de la direcci\u00f3n de la OSI Araba a trav\u00e9s de las m\u00faltiples denuncias y quejas dirigidas por las trabajadoras de limpieza de Garbialdi y el personal propio de Osakidetza.<\/p>\n\n\n\n<p>\u00bfPor qu\u00e9 la direcci\u00f3n de la OSI Araba de Osakidetza no hace cumplir el contrato que tiene suscrito con Garbialdi, cuando sabe que la situaci\u00f3n de abandono que sufrimos supone un riesgo importante para la salud p\u00fablica? Lo p\u00fablico lo pagamos entre todas, por lo tanto es obligaci\u00f3n de Osakidetza hacer cumplir con las disposiciones que marca el contrato. M\u00e1s si cabe en una situaci\u00f3n excepcional como la que estamos viviendo. Es por ello que exigimos a la direcci\u00f3n de la OSI Araba que act\u00fae y de explicaciones a la ciudadan\u00eda a las cuestiones planteadas.<\/p>\n","protected":false},"excerpt":{"rendered":"<p>El servicio se encuentra actualmente en manos de la empresa Garbialdi. En medio de una pandemia como la que estamos viviendo desde el pasado marzo, en la que las diferentes administraciones han decretado medidas y restricciones severas (toque de queda, limitaci\u00f3n de aforos, limitaci\u00f3n de movimientos, obligatoriedad de llevar mascarilla, cierre de la hosteler\u00eda,&#8230;), y en la que es primordial aumentar las medidas de limpieza e higiene en cualquier \u00e1mbito, m\u00e1s si cabe en centros ambulatorios y hospitalarios, debemos informar de la precaria situaci\u00f3n en la que estamos trabajando el personal de limpieza subcontratado.<\/p>\n","protected":false},"author":1191,"featured_media":29896,"comment_status":"closed","ping_status":"closed","sticky":false,"template":"","format":"standard","meta":{"_monsterinsights_skip_tracking":false,"_monsterinsights_sitenote_active":false,"_monsterinsights_sitenote_note":"","_monsterinsights_sitenote_category":0,"footnotes":"","_links_to":"","_links_to_target":""},"categories":[18,2867,2944,8],"tags":[3033,3045,3195,3172],"class_list":{"0":"post-29895","1":"post","2":"type-post","3":"status-publish","4":"format-standard","5":"has-post-thumbnail","7":"category-es-accion-sindical","8":"category-federaciones","9":"category-limpieza","10":"category-es-servicios-privados","11":"tag-accion-sindical-es","12":"tag-araba-es","13":"tag-osakidetza-es","14":"tag-servicios-privados-es"},"_links":{"self":[{"href":"https:\/\/www.lab.eus\/es\/wp-json\/wp\/v2\/posts\/29895","targetHints":{"allow":["GET"]}}],"collection":[{"href":"https:\/\/www.lab.eus\/es\/wp-json\/wp\/v2\/posts"}],"about":[{"href":"https:\/\/www.lab.eus\/es\/wp-json\/wp\/v2\/types\/post"}],"author":[{"embeddable":true,"href":"https:\/\/www.lab.eus\/es\/wp-json\/wp\/v2\/users\/1191"}],"replies":[{"embeddable":true,"href":"https:\/\/www.lab.eus\/es\/wp-json\/wp\/v2\/comments?post=29895"}],"version-history":[{"count":0,"href":"https:\/\/www.lab.eus\/es\/wp-json\/wp\/v2\/posts\/29895\/revisions"}],"wp:featuredmedia":[{"embeddable":true,"href":"https:\/\/www.lab.eus\/es\/wp-json\/wp\/v2\/media\/29896"}],"wp:attachment":[{"href":"https:\/\/www.lab.eus\/es\/wp-json\/wp\/v2\/media?parent=29895"}],"wp:term":[{"taxonomy":"category","embeddable":true,"href":"https:\/\/www.lab.eus\/es\/wp-json\/wp\/v2\/categories?post=29895"},{"taxonomy":"post_tag","embeddable":true,"href":"https:\/\/www.lab.eus\/es\/wp-json\/wp\/v2\/tags?post=29895"}],"curies":[{"name":"wp","href":"https:\/\/api.w.org\/{rel}","templated":true}]}}