{"id":29819,"date":"2020-12-18T09:42:31","date_gmt":"2020-12-18T09:42:31","guid":{"rendered":"https:\/\/www.lab.eus\/?p=29819"},"modified":"2020-12-18T09:42:33","modified_gmt":"2020-12-18T09:42:33","slug":"hemos-denunciado-el-bloqueo-por-parte-de-la-patronal-del-convenio-de-limpiezas-de-nafarroa-que-lleva-dos-anos-ya-caducado","status":"publish","type":"post","link":"https:\/\/www.lab.eus\/es\/hemos-denunciado-el-bloqueo-por-parte-de-la-patronal-del-convenio-de-limpiezas-de-nafarroa-que-lleva-dos-anos-ya-caducado\/","title":{"rendered":"Hemos denunciado el bloqueo por parte de la patronal del convenio de Limpiezas de Nafarroa que lleva dos a\u00f1os ya caducado"},"content":{"rendered":"\n<p>Trabajadoras del sector de Limpiezas se concentraron ayer por la tarde en Iru\u00f1ea, en el Complejo Hospitalario, atendiendo a la convocatoria de los sindicatos LAB y ELA, para denunciar el bloqueo del convenio por parte de la patronal, que no responde a las insistentes solicitudes de reuni\u00f3n de la parte social. La situaci\u00f3n actual es que van dos a\u00f1os ya con el convenio caducado, con un rechazo de la patronal a las propuestas de la parte social, y con las negociaciones suspendidas desde marzo.<\/p>\n\n\n\n<p>La pandemia ha puesto de manifiesto que las trabajadoras de Limpiezas prestan un servicio que es esencial para la sociedad, por lo que no se puede retrasar m\u00e1s el tener un convenio que dignifique sus condiciones laborales. Por eso se concentraron ayer en el Complejo Hospitalario, para reclamar un convenio sectorial que recoja subidas salariales por encima del IPC, complemento de bajas al 100%, medidas para acabar con la parcialidad, mejorar la antig\u00fcedad y reducci\u00f3n de la jornada anual. Todas esas medidas buscan reconocer lo esencial que han demostrado ser y acabar con la brecha salarial.<\/p>\n\n\n\n<p>Adem\u00e1s de la concentraci\u00f3n de ayer, las trabajadoras de Limpiezas seguir\u00e1n moviliz\u00e1ndose hasta conseguir un convenio digno. Las pr\u00f3ximas concentraciones ser\u00e1n en enero, en la UPNA y en la CEN.<\/p>\n","protected":false},"excerpt":{"rendered":"<p>Trabajadoras del sector de Limpiezas se concentraron ayer por la tarde en Iru\u00f1ea, en el Complejo Hospitalario, atendiendo a la convocatoria de los sindicatos LAB y ELA, para denunciar el bloqueo del convenio por parte de la patronal, que no responde a las insistentes solicitudes de reuni\u00f3n de la parte social. La situaci\u00f3n actual es que van dos a\u00f1os ya con el convenio caducado, con un rechazo de la patronal a las propuestas de la parte social, y con las negociaciones suspendidas desde marzo.<\/p>\n","protected":false},"author":1189,"featured_media":29817,"comment_status":"closed","ping_status":"closed","sticky":false,"template":"","format":"standard","meta":{"_monsterinsights_skip_tracking":false,"_monsterinsights_sitenote_active":false,"_monsterinsights_sitenote_note":"","_monsterinsights_sitenote_category":0,"footnotes":"","_links_to":"","_links_to_target":""},"categories":[18,2944,8],"tags":[3033,3172],"class_list":{"0":"post-29819","1":"post","2":"type-post","3":"status-publish","4":"format-standard","5":"has-post-thumbnail","7":"category-es-accion-sindical","8":"category-limpieza","9":"category-es-servicios-privados","10":"tag-accion-sindical-es","11":"tag-servicios-privados-es"},"_links":{"self":[{"href":"https:\/\/www.lab.eus\/es\/wp-json\/wp\/v2\/posts\/29819","targetHints":{"allow":["GET"]}}],"collection":[{"href":"https:\/\/www.lab.eus\/es\/wp-json\/wp\/v2\/posts"}],"about":[{"href":"https:\/\/www.lab.eus\/es\/wp-json\/wp\/v2\/types\/post"}],"author":[{"embeddable":true,"href":"https:\/\/www.lab.eus\/es\/wp-json\/wp\/v2\/users\/1189"}],"replies":[{"embeddable":true,"href":"https:\/\/www.lab.eus\/es\/wp-json\/wp\/v2\/comments?post=29819"}],"version-history":[{"count":0,"href":"https:\/\/www.lab.eus\/es\/wp-json\/wp\/v2\/posts\/29819\/revisions"}],"wp:featuredmedia":[{"embeddable":true,"href":"https:\/\/www.lab.eus\/es\/wp-json\/wp\/v2\/media\/29817"}],"wp:attachment":[{"href":"https:\/\/www.lab.eus\/es\/wp-json\/wp\/v2\/media?parent=29819"}],"wp:term":[{"taxonomy":"category","embeddable":true,"href":"https:\/\/www.lab.eus\/es\/wp-json\/wp\/v2\/categories?post=29819"},{"taxonomy":"post_tag","embeddable":true,"href":"https:\/\/www.lab.eus\/es\/wp-json\/wp\/v2\/tags?post=29819"}],"curies":[{"name":"wp","href":"https:\/\/api.w.org\/{rel}","templated":true}]}}