{"id":29689,"date":"2020-12-16T11:51:00","date_gmt":"2020-12-16T11:51:00","guid":{"rendered":"https:\/\/www.lab.eus\/?p=29689"},"modified":"2020-12-16T11:51:02","modified_gmt":"2020-12-16T11:51:02","slug":"las-y-los-trabajadores-de-las-residencias-privadas-de-araba-iran-a-la-huelga-el-23-de-diciembre-en-defensa-de-un-sector-digno","status":"publish","type":"post","link":"https:\/\/www.lab.eus\/es\/las-y-los-trabajadores-de-las-residencias-privadas-de-araba-iran-a-la-huelga-el-23-de-diciembre-en-defensa-de-un-sector-digno\/","title":{"rendered":"Las y los trabajadores de las residencias privadas de Araba ir\u00e1n a la huelga el 23 de diciembre en defensa de un sector digno"},"content":{"rendered":"\n<p>\u00abVolveremos a salir a la calle a exigir a empresas y Diputaci\u00f3n que asuman de una vez su responsabilidad. Pero avisamos, las movilizaciones no van a parar, las vamos a intensicar de cara al a\u00f1o 2021. Las trabajadoras de residencias hemos venido a luchar hasta tener un sector con condiciones dignas y de calidad, y no vamos a parar hasta lograrlo\u00bb, han anunciado en rueda de prensa.<\/p>\n\n\n\n<p>Comunicado conjunto de los sindicatos LAB, ELA, UGT y CCOO:<\/p>\n\n\n\n<p>Las trabajadoras de las residencias privadas de \u00c1lava, llevamos casi dos a\u00f1os denunciando la precariedad laboral que sufrimos desde hace a\u00f1os.<\/p>\n\n\n\n<p>Trabajamos 1792 horas al a\u00f1o, por menos de 1000 euros al mes. Las empresas no cumplen con los calendarios anuales y sufrimos cambios de turno de \u00fal ma hora. A veces doblamos turnos y no se respetan los horarios de descanso establecidos por ley.<\/p>\n\n\n\n<p>No trabajamos con maquinas, TRABAJAMOS CUIDANDO PERSONAS que necesitan de una atenci\u00f3n cercana, que no se la podemos dar. Apenas tenemos empo para asearles y darles de comer. Tenemos que dejarles a medias en sus conversaciones, porque tenemos que elegir entre conversar o asear a su compa\u00f1ero o compa\u00f1era de habitaci\u00f3n.<\/p>\n\n\n\n<p>Todo ello, nos lleva a soportar una gran carga sica, emocional y psicol\u00f3gica que arrastramos por mucho empo. Desde el inicio de la pandemia, hemos visto como nuestros mayores nos dejaban o han envejecido como si hubieran pasado 5 a\u00f1os. En soledad, sin poder acompa\u00f1arlos. Eso es una carga que las trabajadoras no podemos soportar m\u00e1s.<\/p>\n\n\n\n<p>Llevamos 2 a\u00f1os saliendo a la calle, luchando por un convenio provincial, que digni que nuestras condiciones laborales y que mejore el cuidado de las y los usuarios de las residencias privadas. Como hemos hecho recientemente en las huelgas de los d\u00edas 7 de octubre y 11 y 25 de noviembre.<\/p>\n\n\n\n<p>Interpelamos a las empresas a que formen una patronal para poder negociar. Pero tambi\u00e9n interpelamos a Emilio Sola, el diputado general y a Patxi Anton gerente del Ins tuto Foral de Bienestar Social, a que asuman su responsabilidad.<\/p>\n\n\n\n<p>Diputaci\u00f3n es la nanciadora de las residencias privadas, ellos son los responsables del negocio que se ha creado en el sector de residencias, donde unos se enriquecen, mientras las trabajadoras no llegamos a n de mes y los residentes quedan desatendidos.<\/p>\n\n\n\n<p>Hoy, queremos anunciar que el pr\u00f3ximo 23 de diciembre volveremos a salir a la huelga. Volveremos a salir a la calle a exigir a empresas y Diputaci\u00f3n que asuman de una vez su responsabilidad. Pero avisamos, las movilizaciones no van a parar, las vamos a intensi car de cara al a\u00f1o 2021. Las trabajadoras de residencias hemos venido a luchar hasta tener un sector con condiciones dignas y de calidad, y no vamos a parar hasta lograrlo!!!<\/p>\n","protected":false},"excerpt":{"rendered":"<p>\u00abVolveremos a salir a la calle a exigir a empresas y Diputaci\u00f3n que asuman de una vez su responsabilidad. Pero avisamos, las movilizaciones no van a parar, las vamos a intensicar de cara al a\u00f1o 2021. Las trabajadoras de residencias hemos venido a luchar hasta tener un sector con condiciones dignas y de calidad, y no vamos a parar hasta lograrlo\u00bb, han anunciado en rueda de prensa.<\/p>\n","protected":false},"author":1189,"featured_media":29687,"comment_status":"closed","ping_status":"closed","sticky":false,"template":"","format":"standard","meta":{"_monsterinsights_skip_tracking":false,"_monsterinsights_sitenote_active":false,"_monsterinsights_sitenote_note":"","_monsterinsights_sitenote_category":0,"footnotes":"","_links_to":"","_links_to_target":""},"categories":[18,3000,8,6],"tags":[3217,3172,3171],"class_list":{"0":"post-29689","1":"post","2":"type-post","3":"status-publish","4":"format-standard","5":"has-post-thumbnail","7":"category-es-accion-sindical","8":"category-servicio-sociocomunitario","9":"category-es-servicios-privados","10":"category-es-servicios-publicos","11":"tag-servicios-sociocomunitarios","12":"tag-servicios-privados-es","13":"tag-servicios-publicos-es"},"_links":{"self":[{"href":"https:\/\/www.lab.eus\/es\/wp-json\/wp\/v2\/posts\/29689","targetHints":{"allow":["GET"]}}],"collection":[{"href":"https:\/\/www.lab.eus\/es\/wp-json\/wp\/v2\/posts"}],"about":[{"href":"https:\/\/www.lab.eus\/es\/wp-json\/wp\/v2\/types\/post"}],"author":[{"embeddable":true,"href":"https:\/\/www.lab.eus\/es\/wp-json\/wp\/v2\/users\/1189"}],"replies":[{"embeddable":true,"href":"https:\/\/www.lab.eus\/es\/wp-json\/wp\/v2\/comments?post=29689"}],"version-history":[{"count":0,"href":"https:\/\/www.lab.eus\/es\/wp-json\/wp\/v2\/posts\/29689\/revisions"}],"wp:featuredmedia":[{"embeddable":true,"href":"https:\/\/www.lab.eus\/es\/wp-json\/wp\/v2\/media\/29687"}],"wp:attachment":[{"href":"https:\/\/www.lab.eus\/es\/wp-json\/wp\/v2\/media?parent=29689"}],"wp:term":[{"taxonomy":"category","embeddable":true,"href":"https:\/\/www.lab.eus\/es\/wp-json\/wp\/v2\/categories?post=29689"},{"taxonomy":"post_tag","embeddable":true,"href":"https:\/\/www.lab.eus\/es\/wp-json\/wp\/v2\/tags?post=29689"}],"curies":[{"name":"wp","href":"https:\/\/api.w.org\/{rel}","templated":true}]}}