{"id":29680,"date":"2020-12-16T11:21:30","date_gmt":"2020-12-16T11:21:30","guid":{"rendered":"https:\/\/www.lab.eus\/?p=29680"},"modified":"2020-12-16T11:21:32","modified_gmt":"2020-12-16T11:21:32","slug":"mayor-seguimiento-de-la-segunda-jornada-de-huelga-del-consorcio-haurreskolak","status":"publish","type":"post","link":"https:\/\/www.lab.eus\/es\/mayor-seguimiento-de-la-segunda-jornada-de-huelga-del-consorcio-haurreskolak\/","title":{"rendered":"Mayor seguimiento de la segunda jornada de huelga del Consorcio Haurreskolak"},"content":{"rendered":"\n<p>Al igual que el pasado 10 de diciembre, las y los trabajadores del Consorcio Haurreskolak se han sumado a la huelga convocada por los sindicatos LAB, STEILAS y ELA, que ha tenido un seguimiento del 75%, algo mayor que en la convocatoria anterior. En la jornada de hoy cientos de trabajadoras han salido a las concentraciones y manifestaciones que hemos convocado en Gasteiz, Bilbao y Eibar, mientras que, la junta directiva del Consorcio Haurreskolak se reun\u00eda en Lakua. Nos han convocado a una mesa negociadora el pr\u00f3ximo d\u00eda 22, que en principio contar\u00e1 con la asistencia de representantes del departamento de Educaci\u00f3n del Gobierno Vasco. Parad\u00f3jicamente, en el orden del d\u00eda s\u00f3lo han incorporado el preacuerdo del personal de gesti\u00f3n. Este preacuerdo se firm\u00f3 hace casi un a\u00f1o y todav\u00eda no se ha cumplido.<\/p>\n\n\n\n<p>As\u00ed las cosas, seguimos denunciando el incumplimiento del Convenio Laboral y los acuerdos actualmente en vigor en el Consorcio Haurreskolak, lo que acarrea un notable empeoramiento de las condiciones laborales del personal educativo y de gesti\u00f3n, as\u00ed como el deterioro de la calidad del servicio. Por lo que hemos solicitado la incorporaci\u00f3n de los siguientes puntos al orden del d\u00eda de la reuni\u00f3n anunciada para el d\u00eda 22 y, hoy por hoy, no hemos recibido respuesta:<\/p>\n\n\n\n<p>\u2022 Cubrir las sustituciones, acabar con los desplazamientos de educadoras de una haurreskola a otra y con el mal uso de las horas extraordinarias.<br>\u2022 Iniciar la negociaci\u00f3n de un nuevo convenio que partir\u00e1 de los acuerdos ya firmados, tal y como viene haciendo el Departamento de Educaci\u00f3n en todos los colectivos.<\/p>\n\n\n\n<p>\u2022 Incorporaci\u00f3n del Consorcio Haurreskolak en la provisi\u00f3n de Equipamientos de Protecci\u00f3n Individual que realiza Osakidetza en la ense\u00f1anza p\u00fablica.<br>\u2022 Integraci\u00f3n del Consorcio Haurreskolak en el Departamento de Educaci\u00f3n.<br>\u2022 Dar pasos hacia la gratuidad.<\/p>\n\n\n\n<p>\u2022 Incremento presupuestario.<\/p>\n\n\n\n<p>Despu\u00e9s de que la gerente Zorione Etxezarraga afirmara, en la comisi\u00f3n de educaci\u00f3n del Parlamento de la CAV, que no le llega con el presupuesto asignado, y, tras recibir cartas y presiones de educadores, familias y diversos ayuntamientos que recog\u00edan nuestras reivindicaciones en el contexto de la huelga del 10 de diciembre, Jokin Bildarratz, consejero de Educaci\u00f3n y presidente del Consorcio Haurreskolak, ha realizado varias declaraciones en el Parlamento. Entre otras cosas, se\u00f1al\u00f3 que incrementar\u00e1 el presupuesto en 2,5 millones de&nbsp;\u20ac. Queremos saber para qu\u00e9 se va a destinar esta partida. \u00bfSe utilizar\u00e1 para no vulnerar los derechos de las trabajadoras? \u00bfPara avanzar en la gratuidad? \u00bfPara garantizar la calidad del servicio? O, \u00bflo van a utilizar para tapar el agujero provocado por la deficiente gesti\u00f3n de los \u00faltimos cursos?<\/p>\n\n\n\n<p>Consciente de la situaci\u00f3n que atraviesa el Consorcio Haurreskolak, el Parlamento Vasco solicit\u00f3 el pasado lunes al Gobierno Vasco que, adem\u00e1s de seguir promoviendo la oferta educativa del primer ciclo de Educaci\u00f3n Infantil, tambi\u00e9n profundice en el sistema establecido para bonificar la matr\u00edcula del Consorcio Haurreskolak. Tambi\u00e9n se tendr\u00e1 en cuenta la situaci\u00f3n excepcional de las familias cuyas condiciones econ\u00f3micas hayan variado sustancialmente como consecuencia de la pandemia de Covid-19: las cuotas a pagar se adaptar\u00e1n a la nueva situaci\u00f3n en la que se encuentran. Aunque no es suficiente para la parte social, es un paso adelante. Est\u00e1 por ver para cu\u00e1ndo y c\u00f3mo se concretan todas estas medidas.<\/p>\n\n\n\n<p>Para finalizar, queremos recordar que adem\u00e1s de exigir el reconocimiento de la importancia del ciclo educativo 0-3, reivindicamos el derecho a la educaci\u00f3n desde el nacimiento y, por ello, los sindicatos LAB, Steilas y ELA pedimos que se garantice la gratuidad total y el acceso universal al Consorcio Haurreskolak.<\/p>\n\n\n\n<p>Animamos a las trabajadoras y trabajadores, familias y ayuntamientos que forman parte del Consorcio Haurreskolak a sumarse a las reivindicaciones y movilizaciones para el desarrollo de este servicio p\u00fablico.<\/p>\n","protected":false},"excerpt":{"rendered":"<p>Al igual que el pasado 10 de diciembre, las y los trabajadores del Consorcio Haurreskolak se han sumado a la huelga convocada por los sindicatos LAB, STEILAS y ELA, que ha tenido un seguimiento del 75%, algo mayor que en la convocatoria anterior. En la jornada de hoy cientos de trabajadoras han salido a las concentraciones y manifestaciones que hemos convocado en Gasteiz, Bilbao y Eibar, mientras que, la junta directiva del Consorcio Haurreskolak se reun\u00eda en Lakua. Nos han convocado a una mesa negociadora el pr\u00f3ximo d\u00eda 22, que en principio contar\u00e1 con la asistencia de representantes del departamento de Educaci\u00f3n del Gobierno Vasco. Parad\u00f3jicamente, en el orden del d\u00eda s\u00f3lo han incorporado el preacuerdo del personal de gesti\u00f3n. Este preacuerdo se firm\u00f3 hace casi un a\u00f1o y todav\u00eda no se ha cumplido.<\/p>\n","protected":false},"author":1189,"featured_media":29678,"comment_status":"closed","ping_status":"closed","sticky":false,"template":"","format":"standard","meta":{"_monsterinsights_skip_tracking":false,"_monsterinsights_sitenote_active":false,"_monsterinsights_sitenote_note":"","_monsterinsights_sitenote_category":0,"footnotes":"","_links_to":"","_links_to_target":""},"categories":[2990,33,3054,6],"tags":[3178,3266,3194,3369],"class_list":{"0":"post-29680","1":"post","2":"type-post","3":"status-publish","4":"format-standard","5":"has-post-thumbnail","7":"category-educacion","8":"category-es-ensenanza","9":"category-haur-eskola","10":"category-es-servicios-publicos","11":"tag-destacado-1","12":"tag-educacion-es","13":"tag-ensenanza-es","14":"tag-haur-eskolak-2-es"},"_links":{"self":[{"href":"https:\/\/www.lab.eus\/es\/wp-json\/wp\/v2\/posts\/29680","targetHints":{"allow":["GET"]}}],"collection":[{"href":"https:\/\/www.lab.eus\/es\/wp-json\/wp\/v2\/posts"}],"about":[{"href":"https:\/\/www.lab.eus\/es\/wp-json\/wp\/v2\/types\/post"}],"author":[{"embeddable":true,"href":"https:\/\/www.lab.eus\/es\/wp-json\/wp\/v2\/users\/1189"}],"replies":[{"embeddable":true,"href":"https:\/\/www.lab.eus\/es\/wp-json\/wp\/v2\/comments?post=29680"}],"version-history":[{"count":0,"href":"https:\/\/www.lab.eus\/es\/wp-json\/wp\/v2\/posts\/29680\/revisions"}],"wp:featuredmedia":[{"embeddable":true,"href":"https:\/\/www.lab.eus\/es\/wp-json\/wp\/v2\/media\/29678"}],"wp:attachment":[{"href":"https:\/\/www.lab.eus\/es\/wp-json\/wp\/v2\/media?parent=29680"}],"wp:term":[{"taxonomy":"category","embeddable":true,"href":"https:\/\/www.lab.eus\/es\/wp-json\/wp\/v2\/categories?post=29680"},{"taxonomy":"post_tag","embeddable":true,"href":"https:\/\/www.lab.eus\/es\/wp-json\/wp\/v2\/tags?post=29680"}],"curies":[{"name":"wp","href":"https:\/\/api.w.org\/{rel}","templated":true}]}}