{"id":29496,"date":"2020-12-10T12:01:25","date_gmt":"2020-12-10T12:01:25","guid":{"rendered":"https:\/\/www.lab.eus\/?p=29496"},"modified":"2020-12-10T17:05:41","modified_gmt":"2020-12-10T17:05:41","slug":"seguimiento-total-de-la-convocatoria-de-huelga-en-el-consorcio-haurreskolak","status":"publish","type":"post","link":"https:\/\/www.lab.eus\/es\/seguimiento-total-de-la-convocatoria-de-huelga-en-el-consorcio-haurreskolak\/","title":{"rendered":"Seguimiento total de la convocatoria de huelga en el Consorcio Haurreskolak"},"content":{"rendered":"\n<p>El seguimiento de la huelga convocada para hoy por los sindicatos LAB, Steilas y ELA en el Consorcio Haurreskolak ha sido del 73%. Como consecuencia de los abusivos servicios m\u00ednimos decretados por el Departamento de Trabajo, se ha negado su derecho a la huelga en un gran n\u00famero de centros, en concreto a unas 278 trabajadoras, entre ellas a todas las educadoras de los centros que cuentan con dos trabajadoras. Adem\u00e1s la gerente, Zorione Etxezarraga, se ha excedido en la interpretaci\u00f3n del decreto, con un claro objetivo de minimizar el impacto de la huelga. Superados todos los obst\u00e1culos, adem\u00e1s de las convocatorias en las tres capitales se realizado decenas de concentraciones en diferentes municipios. Tambi\u00e9n hemos recibido el apoyo de familias, ciudadan\u00eda y algunos ayuntamientos para reivindicar la dignidad de este servicio de educaci\u00f3n p\u00fablico.<\/p>\n\n\n\n<p>A las trabajadoras del Consorcio Haurreskolak no nos ha quedado otra opci\u00f3n que comenzar una din\u00e1mica de huelgas. Mencionar que la gerente nos ha hecho varias convocatorias sin sentido, desde una propuesta de mesa negociadora a cambio de desconvocar la huelga, hasta el llamamiento para el 22 de diciembre a una mesa negociadora en la que por primera vez asistir\u00edan representantes del Gobierno Vasco y con un \u00fanico punto en el orden del d\u00eda: el preacuerdo sobre el personal de gesti\u00f3n que se firm\u00f3 hace casi un a\u00f1o y que a\u00fan siguen sin cumplir.<\/p>\n\n\n\n<p>Los sindicatos LAB, Steilas y ELA no vamos a aceptar amenazas ni chantajes, y denunciamos el incumplimiento del Convenio Laboral y los acuerdos en vigor en el Consorcio Haurreskolak. En este sentido, hemos solicitado la incorporaci\u00f3n al orden del d\u00eda del d\u00eda 22 de varias de nuestras reclamaciones. Son las siguientes: <\/p>\n\n\n\n<p>-Cobertura de sustituciones, acabar con los desplazamientos de las educadoras y educadosres as\u00ed como con el mal uso de las horas extras <\/p>\n\n\n\n<p>-Iniciar la negociaci\u00f3n del nuevo convenio a partir de los acuerdos ya est\u00e1n firmados, tal y como est\u00e1 haciendo el Departamento de Educaci\u00f3n con el resto de colectivos dependientes del mismo. <\/p>\n\n\n\n<p>-Incluir al Consorcio Haurreskolak en la provisi\u00f3n de equipos de protecci\u00f3n individual para el Covid 19 que realiza Osakidetza en la ense\u00f1anza p\u00fablica. Ya que de no ser as\u00ed en las Haurreskolak seguiremos sin disponer de presupuesto para cubrir el gasto diario y poder desarrollar nuestra actividad pedag\u00f3gica.<\/p>\n\n\n\n<p>La propia gerente admite que no puede cumplir los acuerdos con el presupuesto que tiene y, en consecuencia, se est\u00e1n deteriorando las condiciones laborales del personal educativo y de gesti\u00f3n y se est\u00e1 poniendo en peligro la calidad del servicio educativo. As\u00ed las cosas, los sindicatos LAB, Steilas y ELA insistimos en que es imprescindible aumentar el presupuesto del Consorcio Haurreskolak. Jokin Bildarratz tiene la llave en este conflicto, por eso le exigimos que cumpla con la responsabilidad que le corresponde como Consejero de Educaci\u00f3n y Presidente del Consorcio Haurreskolak.<\/p>\n\n\n\n<p>Adem\u00e1s de exigir el reconocimiento de la importancia del ciclo educativo 0-3, reivindicamos el derecho a la educaci\u00f3n desde el nacimiento, y por ello pedimos que se garantice la gratuidad total y el acceso universal al Consorcio Haurreskolak, as\u00ed como su integraci\u00f3n en el Departamento de Educaci\u00f3n.<\/p>\n\n\n\n<p>Ante la gravedad de la situaci\u00f3n y la dejadez del departamento de Educaci\u00f3n, en caso de que no cambie la situaci\u00f3n s\u00f3lo nos quedar\u00e1 continuar con la convocatoria de huelga del 16 de diciembre. Animamos a las trabajadoras del Consorcio Haurreskolak, las familias y los ayuntamientos a sumarse a las reivindicaciones para el desarrollo de este servicio p\u00fablico.<\/p>\n","protected":false},"excerpt":{"rendered":"<p>El seguimiento de la huelga convocada para hoy por los sindicatos LAB, Steilas y ELA en el Consorcio Haurreskolak ha sido del 73%. Como consecuencia de los abusivos servicios m\u00ednimos decretados por el Departamento de Trabajo, se ha negado su derecho a la huelga en un gran n\u00famero de centros, en concreto a unas 278 trabajadoras, entre ellas a todas las educadoras de los centros que cuentan con dos trabajadoras. <\/p>\n","protected":false},"author":1189,"featured_media":29495,"comment_status":"closed","ping_status":"closed","sticky":false,"template":"","format":"standard","meta":{"_monsterinsights_skip_tracking":false,"_monsterinsights_sitenote_active":false,"_monsterinsights_sitenote_note":"","_monsterinsights_sitenote_category":0,"footnotes":"","_links_to":"","_links_to_target":""},"categories":[2990,33,3054,6],"tags":[3178,3266,3194,3171],"class_list":{"0":"post-29496","1":"post","2":"type-post","3":"status-publish","4":"format-standard","5":"has-post-thumbnail","7":"category-educacion","8":"category-es-ensenanza","9":"category-haur-eskola","10":"category-es-servicios-publicos","11":"tag-destacado-1","12":"tag-educacion-es","13":"tag-ensenanza-es","14":"tag-servicios-publicos-es"},"_links":{"self":[{"href":"https:\/\/www.lab.eus\/es\/wp-json\/wp\/v2\/posts\/29496","targetHints":{"allow":["GET"]}}],"collection":[{"href":"https:\/\/www.lab.eus\/es\/wp-json\/wp\/v2\/posts"}],"about":[{"href":"https:\/\/www.lab.eus\/es\/wp-json\/wp\/v2\/types\/post"}],"author":[{"embeddable":true,"href":"https:\/\/www.lab.eus\/es\/wp-json\/wp\/v2\/users\/1189"}],"replies":[{"embeddable":true,"href":"https:\/\/www.lab.eus\/es\/wp-json\/wp\/v2\/comments?post=29496"}],"version-history":[{"count":0,"href":"https:\/\/www.lab.eus\/es\/wp-json\/wp\/v2\/posts\/29496\/revisions"}],"wp:featuredmedia":[{"embeddable":true,"href":"https:\/\/www.lab.eus\/es\/wp-json\/wp\/v2\/media\/29495"}],"wp:attachment":[{"href":"https:\/\/www.lab.eus\/es\/wp-json\/wp\/v2\/media?parent=29496"}],"wp:term":[{"taxonomy":"category","embeddable":true,"href":"https:\/\/www.lab.eus\/es\/wp-json\/wp\/v2\/categories?post=29496"},{"taxonomy":"post_tag","embeddable":true,"href":"https:\/\/www.lab.eus\/es\/wp-json\/wp\/v2\/tags?post=29496"}],"curies":[{"name":"wp","href":"https:\/\/api.w.org\/{rel}","templated":true}]}}