{"id":29481,"date":"2020-12-09T15:42:19","date_gmt":"2020-12-09T15:42:19","guid":{"rendered":"https:\/\/www.lab.eus\/?p=29481"},"modified":"2020-12-09T15:42:21","modified_gmt":"2020-12-09T15:42:21","slug":"hemos-reivindicado-la-necesidad-de-negociacion-en-osakidetza","status":"publish","type":"post","link":"https:\/\/www.lab.eus\/es\/hemos-reivindicado-la-necesidad-de-negociacion-en-osakidetza\/","title":{"rendered":"Hemos reivindicado la necesidad de negociaci\u00f3n en Osakidetza"},"content":{"rendered":"\n<p>Representantes del sindicato LAB han comparecido hoy ante la Comisi\u00f3n de Salud del Parlamento Vasco para hacer un diagn\u00f3stico de la situaci\u00f3n de Osakidetza a d\u00eda de hoy, y poner sobre la mesa cu\u00e1les son los problemas que, a nuestro juicio, deben ser resueltos prioritariamente por la direcci\u00f3n de Osakidetza.<\/p>\n\n\n\n<p>Las representantes del sindicato LAB han dejado claro que, en los \u00faltimos a\u00f1os, la direcci\u00f3n del ente ha vulnerado el derecho fundamental a la negociaci\u00f3n colectiva y que dar soluciones a la preocupante situaci\u00f3n que vivimos hoy debe pasar por la negociaci\u00f3n. Es m\u00e1s necesario que nunca actuar en torno a una verdadera mesa negociadora y hay que poner fin a la era de la propaganda basada en mentiras, de la imposici\u00f3n y la la falta de informaci\u00f3n y transparencia.<\/p>\n\n\n\n<p>Hemos se\u00f1alado que la pandemia ha hecho aflorar el impacto de la pol\u00edtica neoliberal aplicada por el PNV durante a\u00f1os.<\/p>\n\n\n\n<p>Los trabajadores y trabajadoras de Osakidetza han afrontado la pandemia en condiciones muy desfavorables y la Direcci\u00f3n de Osakidetza no ha realizado hasta el momento ninguna autocr\u00edtica, ni ha asumido ninguna responsabilidad, ni ha mostrado una m\u00ednima empat\u00eda hacia la situaci\u00f3n de la plantilla.<\/p>\n\n\n\n<p>Entre los temas que a nuestro juicio debe abordar Osakidetza, hemos trasladado nuestras demandas sobre contrataci\u00f3n, igualdad, situaci\u00f3n del euskera, necesidad de un nuevo acuerdo de condiciones laborales, compromiso de acabar con la privatizaci\u00f3n y situaci\u00f3n de los presos y presas pol\u00edticas enfermas y la responsabilidad de Osakidetza en este tema.<\/p>\n","protected":false},"excerpt":{"rendered":"<p>Representantes del sindicato LAB han comparecido hoy ante la Comisi\u00f3n de Salud del Parlamento Vasco para hacer un diagn\u00f3stico de la situaci\u00f3n de Osakidetza a d\u00eda de hoy, y poner sobre la mesa cu\u00e1les son los problemas que, a nuestro juicio, deben ser resueltos prioritariamente por la direcci\u00f3n de Osakidetza.<\/p>\n","protected":false},"author":1189,"featured_media":29484,"comment_status":"closed","ping_status":"closed","sticky":false,"template":"","format":"standard","meta":{"_monsterinsights_skip_tracking":false,"_monsterinsights_sitenote_active":false,"_monsterinsights_sitenote_note":"","_monsterinsights_sitenote_category":0,"footnotes":"","_links_to":"","_links_to_target":""},"categories":[3097,3126,6,3283],"tags":[3178,3195,3100],"class_list":{"0":"post-29481","1":"post","2":"type-post","3":"status-publish","4":"format-standard","5":"has-post-thumbnail","7":"category-sanidad","8":"category-sanidad-es","9":"category-es-servicios-publicos","10":"category-sin-categorizar","11":"tag-destacado-1","12":"tag-osakidetza-es","13":"tag-sanidad-es"},"_links":{"self":[{"href":"https:\/\/www.lab.eus\/es\/wp-json\/wp\/v2\/posts\/29481","targetHints":{"allow":["GET"]}}],"collection":[{"href":"https:\/\/www.lab.eus\/es\/wp-json\/wp\/v2\/posts"}],"about":[{"href":"https:\/\/www.lab.eus\/es\/wp-json\/wp\/v2\/types\/post"}],"author":[{"embeddable":true,"href":"https:\/\/www.lab.eus\/es\/wp-json\/wp\/v2\/users\/1189"}],"replies":[{"embeddable":true,"href":"https:\/\/www.lab.eus\/es\/wp-json\/wp\/v2\/comments?post=29481"}],"version-history":[{"count":0,"href":"https:\/\/www.lab.eus\/es\/wp-json\/wp\/v2\/posts\/29481\/revisions"}],"wp:featuredmedia":[{"embeddable":true,"href":"https:\/\/www.lab.eus\/es\/wp-json\/wp\/v2\/media\/29484"}],"wp:attachment":[{"href":"https:\/\/www.lab.eus\/es\/wp-json\/wp\/v2\/media?parent=29481"}],"wp:term":[{"taxonomy":"category","embeddable":true,"href":"https:\/\/www.lab.eus\/es\/wp-json\/wp\/v2\/categories?post=29481"},{"taxonomy":"post_tag","embeddable":true,"href":"https:\/\/www.lab.eus\/es\/wp-json\/wp\/v2\/tags?post=29481"}],"curies":[{"name":"wp","href":"https:\/\/api.w.org\/{rel}","templated":true}]}}