{"id":29095,"date":"2020-11-19T09:50:46","date_gmt":"2020-11-19T09:50:46","guid":{"rendered":"https:\/\/www.lab.eus\/?p=29095"},"modified":"2020-11-19T09:50:49","modified_gmt":"2020-11-19T09:50:49","slug":"los-sindicatos-pedimos-la-dimision-de-la-gerente-del-consorcio-haurreskolak","status":"publish","type":"post","link":"https:\/\/www.lab.eus\/es\/los-sindicatos-pedimos-la-dimision-de-la-gerente-del-consorcio-haurreskolak\/","title":{"rendered":"Los sindicatos pedimos la dimisi\u00f3n de la gerente del Consorcio Haurreskolak"},"content":{"rendered":"\n<p>Son las declaraciones realizadas por Zorione Etxezarraga en la comisi\u00f3n de Educaci\u00f3n del Parlamento Vasco, el pasado d\u00eda 16, las que nos han llevado, inevitablemente, a tomar esta decisi\u00f3n: ha reconocido que incumple el Convenio Laboral y diferentes acuerdos del Consorcio Haurreskolak por falta de presupuesto.<\/p>\n\n\n\n<p>Los sindicatos con representaci\u00f3n en el Consorcio Haurreskolak (LAB, STEILAS y ELA), en la Comisi\u00f3n de Educaci\u00f3n del Parlamento, hemos reivindicado la necesidad de reconocer la importancia del ciclo educativo 0-3. En la comparecencia, reivindicamos el derecho a la educaci\u00f3n desde el nacimiento, por lo que exigimos garantizar la gratuidad absoluta y el acceso universal al Consorcio Haurreskolak. Porteriormente, el pasado d\u00eda 16, Zorione Etxezarraga dio explicaciones ante la misma comisi\u00f3n. En esa comparecencia afirm\u00f3 que no cumple el convenio ni los acuerdos del Consorcio Haurreskolak porque no tiene dinero suficiente para ello. No es de recibo que la gerente de una empresa p\u00fablica haga este tipo de declaraciones. Ser\u00eda impensable que esto sucediera en el resto de sectores de la ense\u00f1anza p\u00fablica. No tener dinero no le da la raz\u00f3n: su responsabilidad como gerente es solicitar en el Departamento correspondiente el presupuesto necesario para garantizar un servicio de calidad as\u00ed como el respeto de los derechos de las trabajadoras y trabajadores. El d\u00eda a d\u00eda del Consorcio Haurreskolak ha quedado a cargo de la profesionalidad y buena voluntad del personal que lo integra, mientras la gerente ha hecho dejaci\u00f3n de sus responsabilidades mientras que la administraci\u00f3n hace la vista gorda.<\/p>\n\n\n\n<p>Los sindicatos LAB, STEILAS y ELA queremos subrayar que es el momento de incrementar el presupuesto del Consorcio Haurreskolak para poder garantizar un servicio p\u00fablico de calidad as\u00ed como los derechos de las trabajadoras y trabajadores. Asimismo, pedimos el reconocimiento pol\u00edtico del Consorcio Haurreskolak, unas pol\u00edticas adaptadas a las necesidades del personal de las Haurreskolak, de los ni\u00f1os y ni\u00f1as y de las familias, as\u00ed como la gesti\u00f3n directa del Departamento de Educaci\u00f3n de la CAV.<\/p>\n\n\n\n<p>Por tanto, le exigimos a Zorione Etxezarraga que presente su dimisi\u00f3n, y a Jokin Bildarratz, presidente del Consorcio Haurreskolak y consejero de Educaci\u00f3n, que asuma sus responsabilidades.<\/p>\n","protected":false},"excerpt":{"rendered":"<p>Son las declaraciones realizadas por Zorione Etxezarraga en la comisi\u00f3n de Educaci\u00f3n del Parlamento Vasco, el pasado d\u00eda 16, las que nos han llevado, inevitablemente, a tomar esta decisi\u00f3n: ha reconocido que incumple el Convenio Laboral y diferentes acuerdos del Consorcio Haurreskolak por falta de presupuesto.<\/p>\n","protected":false},"author":1189,"featured_media":28798,"comment_status":"closed","ping_status":"closed","sticky":false,"template":"","format":"standard","meta":{"_monsterinsights_skip_tracking":false,"_monsterinsights_sitenote_active":false,"_monsterinsights_sitenote_note":"","_monsterinsights_sitenote_category":0,"footnotes":"","_links_to":"","_links_to_target":""},"categories":[33,3054,6,3283],"tags":[3266,3194,3171],"class_list":{"0":"post-29095","1":"post","2":"type-post","3":"status-publish","4":"format-standard","5":"has-post-thumbnail","7":"category-es-ensenanza","8":"category-haur-eskola","9":"category-es-servicios-publicos","10":"category-sin-categorizar","11":"tag-educacion-es","12":"tag-ensenanza-es","13":"tag-servicios-publicos-es"},"_links":{"self":[{"href":"https:\/\/www.lab.eus\/es\/wp-json\/wp\/v2\/posts\/29095","targetHints":{"allow":["GET"]}}],"collection":[{"href":"https:\/\/www.lab.eus\/es\/wp-json\/wp\/v2\/posts"}],"about":[{"href":"https:\/\/www.lab.eus\/es\/wp-json\/wp\/v2\/types\/post"}],"author":[{"embeddable":true,"href":"https:\/\/www.lab.eus\/es\/wp-json\/wp\/v2\/users\/1189"}],"replies":[{"embeddable":true,"href":"https:\/\/www.lab.eus\/es\/wp-json\/wp\/v2\/comments?post=29095"}],"version-history":[{"count":0,"href":"https:\/\/www.lab.eus\/es\/wp-json\/wp\/v2\/posts\/29095\/revisions"}],"wp:featuredmedia":[{"embeddable":true,"href":"https:\/\/www.lab.eus\/es\/wp-json\/wp\/v2\/media\/28798"}],"wp:attachment":[{"href":"https:\/\/www.lab.eus\/es\/wp-json\/wp\/v2\/media?parent=29095"}],"wp:term":[{"taxonomy":"category","embeddable":true,"href":"https:\/\/www.lab.eus\/es\/wp-json\/wp\/v2\/categories?post=29095"},{"taxonomy":"post_tag","embeddable":true,"href":"https:\/\/www.lab.eus\/es\/wp-json\/wp\/v2\/tags?post=29095"}],"curies":[{"name":"wp","href":"https:\/\/api.w.org\/{rel}","templated":true}]}}