{"id":28964,"date":"2020-11-12T14:34:05","date_gmt":"2020-11-12T14:34:05","guid":{"rendered":"https:\/\/www.lab.eus\/?p=28964"},"modified":"2020-11-12T14:34:07","modified_gmt":"2020-11-12T14:34:07","slug":"nos-reafirmamos-en-la-reivindicacion-de-un-trabajo-unas-pensiones-y-una-vida-dignas-y-anunciamos-que-vamos-a-dar-nuevos-pasos-en-ese-camino","status":"publish","type":"post","link":"https:\/\/www.lab.eus\/es\/nos-reafirmamos-en-la-reivindicacion-de-un-trabajo-unas-pensiones-y-una-vida-dignas-y-anunciamos-que-vamos-a-dar-nuevos-pasos-en-ese-camino\/","title":{"rendered":"Nos reafirmamos en la reivindicaci\u00f3n de un trabajo, unas pensiones y una vida dignas y anunciamos que vamos a dar nuevos pasos en ese camino"},"content":{"rendered":"\n<p>Los agentes que conformamos la Carta de Derechos Sociales de Euskal Herria, LAB entre ellos, quieren manifestar lo siguiente en relaci\u00f3n a las detenciones acaecidas esta semana en Gasteiz de varios j\u00f3venes que participaron en la Huelga General del pasado 30 de enero:<\/p>\n\n\n\n<p>En primer lugar, queremos mostrar nuestra solidaridad y apoyo a los j\u00f3venes detenidos en esta operaci\u00f3n medi\u00e1tica policial.<\/p>\n\n\n\n<p>En segundo lugar, queremos denunciar que nos encontramos ante un nuevo intento de criminalizar la exitosa Huelga General celebrada el pasado 30 de enero para reivindicar un empleo, una pensi\u00f3n y una vida digna. En plena crisis sanitaria, los gobiernos, lejos de proteger nuestra salud y reforzar los servicios p\u00fablicos y la protecci\u00f3n social, han decidido profundizar en el modelo actual. As\u00ed mismo, han delegado la responsabilidad de la crisis en la ciudadan\u00eda, evitando la responsabilidad pol\u00edtica y colectiva de los responsables pol\u00edticos.<\/p>\n\n\n\n<p>Y por si fuera poco, han puesto en cuesti\u00f3n la movilizaci\u00f3n social y los derechos sociales, reduciendo y criminalizando el derecho a la movilizaci\u00f3n leg\u00edtima. Desde la Huelga General celebrada el pasado 30 de enero hemos recibido numerosas multas y denuncias, pero lo sucedido en Vitoria-Gasteiz es un salto y no creemos que sea casualidad que haya ocurrido en este contexto.<\/p>\n\n\n\n<p>Para terminar, nos reafirmamos en la reivindicaci\u00f3n de una vida laboral digna y queremos decir que vamos a dar nuevos pasos en este camino. \u00a1Vamos a seguir transformando la situaci\u00f3n actual y moviliz\u00e1ndonos a favor de un nuevo modelo en el que el individuo y la naturaleza est\u00e9n en el centro, tomando las calles, interpelando a las instituciones, haciendo propuestas y construyendo alternativas! En ese sentido, queremos llamar a la ciudadan\u00eda a reivindicar y defender los derechos sociales, ahora m\u00e1s que nunca, porque la movilizaci\u00f3n es imprescindible.<\/p>\n","protected":false},"excerpt":{"rendered":"<p>Los agentes que conformamos la Carta de Derechos Sociales de Euskal Herria, LAB entre ellos, queremos denunciar las detenciones acaecidas esta semana en Gasteiz de varios j\u00f3venes que participaron en la Huelga General del pasado 30 de enero.<\/p>\n","protected":false},"author":1189,"featured_media":25553,"comment_status":"closed","ping_status":"closed","sticky":false,"template":"","format":"standard","meta":{"_monsterinsights_skip_tracking":false,"_monsterinsights_sitenote_active":false,"_monsterinsights_sitenote_note":"","_monsterinsights_sitenote_category":0,"footnotes":"","_links_to":"","_links_to_target":""},"categories":[2994,3339,3283],"tags":[3182,3178],"class_list":{"0":"post-28964","1":"post","2":"type-post","3":"status-publish","4":"format-standard","5":"has-post-thumbnail","7":"category-accion-social","8":"category-carta-de-derechos-sociales","9":"category-sin-categorizar","10":"tag-accion-social-es","11":"tag-destacado-1"},"_links":{"self":[{"href":"https:\/\/www.lab.eus\/es\/wp-json\/wp\/v2\/posts\/28964","targetHints":{"allow":["GET"]}}],"collection":[{"href":"https:\/\/www.lab.eus\/es\/wp-json\/wp\/v2\/posts"}],"about":[{"href":"https:\/\/www.lab.eus\/es\/wp-json\/wp\/v2\/types\/post"}],"author":[{"embeddable":true,"href":"https:\/\/www.lab.eus\/es\/wp-json\/wp\/v2\/users\/1189"}],"replies":[{"embeddable":true,"href":"https:\/\/www.lab.eus\/es\/wp-json\/wp\/v2\/comments?post=28964"}],"version-history":[{"count":0,"href":"https:\/\/www.lab.eus\/es\/wp-json\/wp\/v2\/posts\/28964\/revisions"}],"wp:featuredmedia":[{"embeddable":true,"href":"https:\/\/www.lab.eus\/es\/wp-json\/wp\/v2\/media\/25553"}],"wp:attachment":[{"href":"https:\/\/www.lab.eus\/es\/wp-json\/wp\/v2\/media?parent=28964"}],"wp:term":[{"taxonomy":"category","embeddable":true,"href":"https:\/\/www.lab.eus\/es\/wp-json\/wp\/v2\/categories?post=28964"},{"taxonomy":"post_tag","embeddable":true,"href":"https:\/\/www.lab.eus\/es\/wp-json\/wp\/v2\/tags?post=28964"}],"curies":[{"name":"wp","href":"https:\/\/api.w.org\/{rel}","templated":true}]}}