{"id":28959,"date":"2020-11-12T12:23:59","date_gmt":"2020-11-12T12:23:59","guid":{"rendered":"https:\/\/www.lab.eus\/?p=28959"},"modified":"2020-11-12T12:24:02","modified_gmt":"2020-11-12T12:24:02","slug":"las-y-los-trabajadores-de-osakidetza-han-vuelto-a-mostrar-de-manera-unanime-su-hartazgo","status":"publish","type":"post","link":"https:\/\/www.lab.eus\/es\/las-y-los-trabajadores-de-osakidetza-han-vuelto-a-mostrar-de-manera-unanime-su-hartazgo\/","title":{"rendered":"Las y los trabajadores de Osakidetza han vuelto a mostrar de manera un\u00e1nime su hartazgo"},"content":{"rendered":"\n<p>Comunicado conjunto de los sindicatos (Foto en la cuenta de <a href=\"https:\/\/twitter.com\/LABosakidetza\">Twitter de LAB Osakidetza<\/a>):<\/p>\n\n\n\n<p>En el d\u00eda de hoy, la Atenci\u00f3n Primaria y los Hospitales de Osakidetza de Bizkaia est\u00e1n viviendo una jornada de protestas y de huelga convocada por los sindicatos SATSE, ELA, SME, LAB, CCOO, UGT, ESK, SAE, UTESE en todos los centros del territorio. A las 11 de la ma\u00f1ana se han realizado concentraciones masivas en todos los centros del territorio, sirva como ejemplo de ello la concentraci\u00f3n que se ha celebrado en el Hospital de Cruces.<\/p>\n\n\n\n<p>Tal y como sucedi\u00f3 en Araba y Gipuzkoa, el seguimiento est\u00e1 siendo especialmente relevante en la Atenci\u00f3n Primaria que, sin duda, demuestra as\u00ed el desbordamiento sistem\u00e1tico que viene sufriendo y el hartazgo de la plantilla. Cabe destacar, una vez m\u00e1s, el masivo seguimiento que est\u00e1 teniendo la convocatoria entre el personal de las \u00c1reas de Atenci\u00f3n al Cliente de los centros de salud. Los paros han sido secundados de forma contundente tambi\u00e9n por el resto de categor\u00edas y niveles asistenciales.<\/p>\n\n\n\n<p>Y todo ello, a pesar de unos servicios m\u00ednimos totalmente abusivos que han dejado a miles de trabajadores\/as sin derecho de huelga. Estamos ante un nuevo intento de neutralizar, impedir y atacar el derecho a la huelga del colectivo. Adem\u00e1s de ello, queremos denunciar, una vez m\u00e1s, que a la hora de cifrar el seguimiento de la huelga, Osakidetza manipula los datos de manera que, en vez de se\u00f1alar cu\u00e1nta gente ha secundado la huelga de entre aquella que ha tenido la oportunidad de hacerlo, toma como base la plantilla total a\u00fan sabiendo que una parte muy importante de esa plantilla no puede secundar la huelga por ser servicio m\u00ednimo. Le exigimos que d\u00e9 datos reales.<\/p>\n\n\n\n<p>Los sindicatos convocantes queremos denunciar la alarmante situaci\u00f3n que soporta la plantilla y cuyas consecuencias sufre la ciudadan\u00eda, situaci\u00f3n que se agrava d\u00eda a d\u00eda debido a la evoluci\u00f3n de la pandemia. Podemos decir alto y claro que, pasado el primer confinamiento, Osakidetza no ha puesto en marcha una adecuada planificaci\u00f3n ni tampoco los necesarios refuerzos para hacer frente, con garant\u00edas, a los eventuales rebrotes del virus. Cabe recordar que, con car\u00e1cter previo a la aparici\u00f3n del virus, ya exist\u00eda una sobrecarga sistem\u00e1tica de trabajo. En la actual situaci\u00f3n, en la que el trabajo se ha multiplicado de manera exponencial, esos refuerzos que no llegan son m\u00e1s necesarios que nunca.<\/p>\n\n\n\n<p>Un buen ejemplo de ello es que, de nuevo, hemos llegado, a una situaci\u00f3n de colapso en la que es imposible atender toda la actividad asistencial. As\u00ed, tal y como sucedi\u00f3 en marzo, ya no se puede llegar a todo, motivo por el cual se ha comenzado a aplazar la atenci\u00f3n programada y\/o ordinaria no urgente. Queremos mostrar nuestra preocupaci\u00f3n ante estas medidas ya que estamos ante retrasos constantes en la atenci\u00f3n del resto de patolog\u00edas distintas de la Covid 19, retrasos que pueden tener graves consecuencias para la ciudadan\u00eda y que, desde luego, dejan en evidencia un sistema sanitario que, ante el actual rebrote, sigue sin contar con recursos suficientes para atender las necesidades asistenciales de la ciudadan\u00eda.<\/p>\n\n\n\n<p>Siendo esta la gravedad de la situaci\u00f3n, y tras el \u00e9xito de las convocatorias de huelga realizadas, no existe ninguna interlocuci\u00f3n por parte del Departamento de Salud con los sindicatos convocantes: no hemos recibido ni una sola llamada. Tenemos conocimiento de algunas medidas por los medios de comunicaci\u00f3n y queremos denunciar que, como ya es habitual, existe una absoluta opacidad y falta de informaci\u00f3n por parte del Gobierno Vasco. Asimismo, no existe ninguna negociaci\u00f3n sobre las reivindicaciones que hemos puesto encima de la mesa y no se ha planteado ni una sola medida tendente a dar soluci\u00f3n a unos problemas estructurales que vienen de lejos.<\/p>\n","protected":false},"excerpt":{"rendered":"<p>Tal y como sucedi\u00f3 en las convocatorias anteriores, el seguimiento de la huelga en Bizkaia ha sido especialmente relevante en la Atenci\u00f3n Primaria, fruto, sin duda, del desbordamiento continuado que el personal viene sufriendo.<\/p>\n","protected":false},"author":1189,"featured_media":28958,"comment_status":"closed","ping_status":"closed","sticky":false,"template":"","format":"standard","meta":{"_monsterinsights_skip_tracking":false,"_monsterinsights_sitenote_active":false,"_monsterinsights_sitenote_note":"","_monsterinsights_sitenote_category":0,"footnotes":"","_links_to":"","_links_to_target":""},"categories":[3097,6],"tags":[3178,3195,3100,3171],"class_list":{"0":"post-28959","1":"post","2":"type-post","3":"status-publish","4":"format-standard","5":"has-post-thumbnail","7":"category-sanidad","8":"category-es-servicios-publicos","9":"tag-destacado-1","10":"tag-osakidetza-es","11":"tag-sanidad-es","12":"tag-servicios-publicos-es"},"_links":{"self":[{"href":"https:\/\/www.lab.eus\/es\/wp-json\/wp\/v2\/posts\/28959","targetHints":{"allow":["GET"]}}],"collection":[{"href":"https:\/\/www.lab.eus\/es\/wp-json\/wp\/v2\/posts"}],"about":[{"href":"https:\/\/www.lab.eus\/es\/wp-json\/wp\/v2\/types\/post"}],"author":[{"embeddable":true,"href":"https:\/\/www.lab.eus\/es\/wp-json\/wp\/v2\/users\/1189"}],"replies":[{"embeddable":true,"href":"https:\/\/www.lab.eus\/es\/wp-json\/wp\/v2\/comments?post=28959"}],"version-history":[{"count":0,"href":"https:\/\/www.lab.eus\/es\/wp-json\/wp\/v2\/posts\/28959\/revisions"}],"wp:featuredmedia":[{"embeddable":true,"href":"https:\/\/www.lab.eus\/es\/wp-json\/wp\/v2\/media\/28958"}],"wp:attachment":[{"href":"https:\/\/www.lab.eus\/es\/wp-json\/wp\/v2\/media?parent=28959"}],"wp:term":[{"taxonomy":"category","embeddable":true,"href":"https:\/\/www.lab.eus\/es\/wp-json\/wp\/v2\/categories?post=28959"},{"taxonomy":"post_tag","embeddable":true,"href":"https:\/\/www.lab.eus\/es\/wp-json\/wp\/v2\/tags?post=28959"}],"curies":[{"name":"wp","href":"https:\/\/api.w.org\/{rel}","templated":true}]}}