{"id":28602,"date":"2020-10-30T11:04:04","date_gmt":"2020-10-30T11:04:04","guid":{"rendered":"https:\/\/www.lab.eus\/?p=28602"},"modified":"2020-10-30T11:11:37","modified_gmt":"2020-10-30T11:11:37","slug":"sin-acuerdo-en-el-erte-de-tubos-reunidos","status":"publish","type":"post","link":"https:\/\/www.lab.eus\/es\/sin-acuerdo-en-el-erte-de-tubos-reunidos\/","title":{"rendered":"Sin acuerdo en el ERTE de Tubos Reunidos"},"content":{"rendered":"\n<p>El mi\u00e9rcoles 28 de octubre se cerr\u00f3 sin acuerdo el periodo de negociaci\u00f3n sobre el ERTE que Tubos Reunidos Industrial quiere aplicar a 686 trabajadores y trabajadoras por un periodo de 8 meses, empezando el 1 de noviembre. La aplicaci\u00f3n es de un 66% de las jornadas en la mayor\u00eda de departamentos y un 39% en uno en concreto. Casualmente la direcci\u00f3n, una vez m\u00e1s, se queda fuera de la aplicaci\u00f3n.<\/p>\n\n\n\n<p>En la memoria explicativa que la direcci\u00f3n nos ha entregado como documentaci\u00f3n necesaria, habla de un plan de viabilidad en el que se mencionan reestructuraciones, entre otras medidas. Este plan dicen que lo van a terminar para final de a\u00f1o, a pesar de que el nuevo presidente del grupo lleva ya unos cuantos meses al mando de la empresa. Desde LAB no entendemos c\u00f3mo la direcci\u00f3n puede tomar medidas tan severas como un ERTE con esa incidencia tan alta, cuando no tiene elaborado el plan de viabilidad.<\/p>\n\n\n\n<p>En 2008, los accionistas, en una maniobra de ingenier\u00eda financiera, endeudaron a la empresa para repartirse 170 millones de euros, aumentando la deuda de 35 a 200 millones de euros. Desde entonces, este ERTE es el octavo que se nos aplica a la plantilla y a esto habr\u00eda que sumarle que tenemos el convenio caducado desde diciembre del 2016, a pesar de que el presidente del Grupo Tubos Reunidos hable de descartar medidas traum\u00e1ticas, como si hasta la fecha no las hubi\u00e9ramos conocido. M\u00e1s si cabe cuando sus variables de retribuci\u00f3n est\u00e1n ligadas a reducir costes.<\/p>\n\n\n\n<p>Curiosamente, cuando nos llevan diciendo cuatro a\u00f1os que no tienen posibilidades de negociar nada que aumente los costes, nos presentan una propuesta de acuerdo para este \u00faltimo ERTE que asciende a m\u00e1s de 3 millones de euros y sin ning\u00fan tipo de garant\u00eda de empleo.<\/p>\n\n\n\n<p>A esta propuesta le vemos una clara intencionalidad de comprarnos la firma del acuerdo para avalar las razones y las posibles reestructuraciones de las que habla la documentaci\u00f3n presentada.<\/p>\n","protected":false},"excerpt":{"rendered":"<p>El mi\u00e9rcoles 28 de octubre se cerr\u00f3 sin acuerdo el periodo de negociaci\u00f3n sobre el ERTE que Tubos Reunidos Industrial quiere aplicar 686 trabajadores y trabajadoras por un periodo de 8 meses, empezando el 1 de noviembre. La aplicaci\u00f3n es de un 66% de las jornadas en la mayor\u00eda de departamentos y un 39% en uno en concreto. Casualmente la direcci\u00f3n, una vez m\u00e1s, se queda fuera de la aplicaci\u00f3n.<\/p>\n","protected":false},"author":1189,"featured_media":28600,"comment_status":"closed","ping_status":"closed","sticky":false,"template":"","format":"standard","meta":{"_monsterinsights_skip_tracking":false,"_monsterinsights_sitenote_active":false,"_monsterinsights_sitenote_note":"","_monsterinsights_sitenote_category":0,"footnotes":"","_links_to":"","_links_to_target":""},"categories":[2868,108],"tags":[2996,3064],"class_list":{"0":"post-28602","1":"post","2":"type-post","3":"status-publish","4":"format-standard","5":"has-post-thumbnail","7":"category-industria-es","8":"category-es-metal","9":"tag-industria-es","10":"tag-metal-es"},"_links":{"self":[{"href":"https:\/\/www.lab.eus\/es\/wp-json\/wp\/v2\/posts\/28602","targetHints":{"allow":["GET"]}}],"collection":[{"href":"https:\/\/www.lab.eus\/es\/wp-json\/wp\/v2\/posts"}],"about":[{"href":"https:\/\/www.lab.eus\/es\/wp-json\/wp\/v2\/types\/post"}],"author":[{"embeddable":true,"href":"https:\/\/www.lab.eus\/es\/wp-json\/wp\/v2\/users\/1189"}],"replies":[{"embeddable":true,"href":"https:\/\/www.lab.eus\/es\/wp-json\/wp\/v2\/comments?post=28602"}],"version-history":[{"count":0,"href":"https:\/\/www.lab.eus\/es\/wp-json\/wp\/v2\/posts\/28602\/revisions"}],"wp:featuredmedia":[{"embeddable":true,"href":"https:\/\/www.lab.eus\/es\/wp-json\/wp\/v2\/media\/28600"}],"wp:attachment":[{"href":"https:\/\/www.lab.eus\/es\/wp-json\/wp\/v2\/media?parent=28602"}],"wp:term":[{"taxonomy":"category","embeddable":true,"href":"https:\/\/www.lab.eus\/es\/wp-json\/wp\/v2\/categories?post=28602"},{"taxonomy":"post_tag","embeddable":true,"href":"https:\/\/www.lab.eus\/es\/wp-json\/wp\/v2\/tags?post=28602"}],"curies":[{"name":"wp","href":"https:\/\/api.w.org\/{rel}","templated":true}]}}