{"id":28595,"date":"2020-10-30T09:53:05","date_gmt":"2020-10-30T09:53:05","guid":{"rendered":"https:\/\/www.lab.eus\/?p=28595"},"modified":"2020-10-30T09:53:07","modified_gmt":"2020-10-30T09:53:07","slug":"hemos-ganado-una-demanda-a-disu-tiene-que-devolver-las-horas-extras-con-un-incremento-del-75","status":"publish","type":"post","link":"https:\/\/www.lab.eus\/es\/hemos-ganado-una-demanda-a-disu-tiene-que-devolver-las-horas-extras-con-un-incremento-del-75\/","title":{"rendered":"Hemos ganado una demanda a DISU; tiene que devolver las horas extras con un incremento del 75%"},"content":{"rendered":"\n<p>En todo momento, desde LAB hemos defendido que las horas que exceda sobre la duraci\u00f3n m\u00e1xima de la jornada ordinaria, se considerar\u00e1 hora extraordinaria. Cuesti\u00f3n que la empresa DISU, perteneciente al Grupo UVESCO, no comparte y considera que eso no son horas extras, como se ven\u00eda haciendo en Sabeko Banaketak, tras la subrogaci\u00f3n. La \u00fanica pretensi\u00f3n del Grupo UVESCO ha sido devolver las horas extras a hora por hora y no cumplir la compensaci\u00f3n que se hacia en la anterior empresa.<\/p>\n\n\n\n<p>LAB reclamo a DISU el cumplimiento del convenio. Ante la tozudez de la empresa, hemos tenido que acudir a la Inspecci\u00f3n de Trabajo, a la Comisi\u00f3n mixta del Convenio Colectivo y por \u00faltimo hemos terminado en el juzgado demandando, para defender nuestro derecho a la compensaci\u00f3n de las horas extras realizadas en tiempo y no compensando hora por hora, si no, hora extraordinaria por 1:45 minutos. Y nos han dado la raz\u00f3n.<\/p>\n\n\n\n<p>La sentencia ganada por LAB indica que se podr\u00e1 optar entre abonar las horas extraordinarias con un incremento de un 75% o compensarlas, por tiempos equivalentes de descanso retribuido, tal y como recoge el Convenio Colectivo de Alimentaci\u00f3n de Bizkaia, y ahora DISU est\u00e1 obligado a cumplir por sentencia judicial.<\/p>\n\n\n\n<p>Lo derechos que ahora hemos recuperado es un claro ejemplo de que no todo se arregla con dinero, nuestro descanso es esencial. Es tarea de todas y todos, seguir combatiendo por todos los medios esta precariedad que son las prolongaciones de jornada, que se producen por la dejadez y falta de organizaci\u00f3n y planificaci\u00f3n de la empresa.<\/p>\n","protected":false},"excerpt":{"rendered":"<p>La sentencia ganada por LAB indica que se podr\u00e1 optar entre abonar las horas extraordinarias con un incremento de un 75% o compensarlas, por tiempos equivalentes de descanso retribuido, tal y como recoge el Convenio Colectivo de Alimentaci\u00f3n de Bizkaia, y ahora DISU est\u00e1 obligado a cumplir por sentencia judicial.<\/p>\n","protected":false},"author":1189,"featured_media":28593,"comment_status":"closed","ping_status":"closed","sticky":false,"template":"","format":"standard","meta":{"_monsterinsights_skip_tracking":false,"_monsterinsights_sitenote_active":false,"_monsterinsights_sitenote_note":"","_monsterinsights_sitenote_category":0,"footnotes":"","_links_to":"","_links_to_target":""},"categories":[268,2955,8],"tags":[3295,3172],"class_list":{"0":"post-28595","1":"post","2":"type-post","3":"status-publish","4":"format-standard","5":"has-post-thumbnail","7":"category-es-alimentacion-es-servicios-privados","8":"category-comercio","9":"category-es-servicios-privados","10":"tag-alimentacion-es","11":"tag-servicios-privados-es"},"_links":{"self":[{"href":"https:\/\/www.lab.eus\/es\/wp-json\/wp\/v2\/posts\/28595","targetHints":{"allow":["GET"]}}],"collection":[{"href":"https:\/\/www.lab.eus\/es\/wp-json\/wp\/v2\/posts"}],"about":[{"href":"https:\/\/www.lab.eus\/es\/wp-json\/wp\/v2\/types\/post"}],"author":[{"embeddable":true,"href":"https:\/\/www.lab.eus\/es\/wp-json\/wp\/v2\/users\/1189"}],"replies":[{"embeddable":true,"href":"https:\/\/www.lab.eus\/es\/wp-json\/wp\/v2\/comments?post=28595"}],"version-history":[{"count":0,"href":"https:\/\/www.lab.eus\/es\/wp-json\/wp\/v2\/posts\/28595\/revisions"}],"wp:featuredmedia":[{"embeddable":true,"href":"https:\/\/www.lab.eus\/es\/wp-json\/wp\/v2\/media\/28593"}],"wp:attachment":[{"href":"https:\/\/www.lab.eus\/es\/wp-json\/wp\/v2\/media?parent=28595"}],"wp:term":[{"taxonomy":"category","embeddable":true,"href":"https:\/\/www.lab.eus\/es\/wp-json\/wp\/v2\/categories?post=28595"},{"taxonomy":"post_tag","embeddable":true,"href":"https:\/\/www.lab.eus\/es\/wp-json\/wp\/v2\/tags?post=28595"}],"curies":[{"name":"wp","href":"https:\/\/api.w.org\/{rel}","templated":true}]}}