{"id":28509,"date":"2020-10-28T10:31:57","date_gmt":"2020-10-28T10:31:57","guid":{"rendered":"https:\/\/www.lab.eus\/?p=28509"},"modified":"2020-10-28T13:26:39","modified_gmt":"2020-10-28T13:26:39","slug":"garbine-aranburu-remarca-la-necesidad-de-construir-un-sistema-publico-propio-de-pensiones","status":"publish","type":"post","link":"https:\/\/www.lab.eus\/es\/garbine-aranburu-remarca-la-necesidad-de-construir-un-sistema-publico-propio-de-pensiones\/","title":{"rendered":"Garbi\u00f1e Aranburu remarca la necesidad de construir un sistema propio de pensiones"},"content":{"rendered":"\n<p>Garbi\u00f1e Aranburu, secretaria general de LAB, ha comparecido en Bilbo, junto a un miembro del \u00c1rea de Mayores y Pensionistas del sindicato y coordinador de LAB Helduak en Bizkaia, para valorar las \u00faltimas decisiones del Pacto de Toledo y hacer un llamamiento a participar en las movilizaciones convocadas para el 31 de octubre por el movimiento de pensionistas y por el movimiento de usuarias y usuarios de las residencias.<\/p>\n\n\n\n<p>En palabras de Garbi\u00f1e Aranburu, \u00abel pacto de Toledo ha elaborado una serie de recomendaciones y ya podemos visualizar cuales van a ser las cuestiones principales de la nueva reforma de pensiones. Hemos analizado las propuestas que se plantean y tenemos que decir que esas recomendaciones no garantizan ni la suficiencia, ni la sostenibilidad del sistema p\u00fablico de pensiones\u00bb.<\/p>\n\n\n\n<p>Para empezar, no se derogan las reformas de pensiones de 2011 y de 2013. Esas reformas endurecieron las condiciones para acceder a una prestaci\u00f3n de jubilaci\u00f3n; entre otras medidas, aumentando los a\u00f1os de cotizaci\u00f3n para el c\u00e1lculo y retrasando la edad de jubilaci\u00f3n. Las dos reformas conllevan&nbsp;un recorte claro de las pensiones y una disminuci\u00f3n de la tasa de cobertura, es decir, que cada vez hay una mayor brecha entre el \u00faltimo salario percibido y la pensi\u00f3n de jubilaci\u00f3n.<\/p>\n\n\n\n<p>Tampoco se garantiza la&nbsp;pensi\u00f3n m\u00ednima de 1080 euros.<strong> <\/strong>El 31% de los hombres de la CAV y el 38% de Nafarroa cobra menos que esa cantidad. En el caso de las mujeres, las cifras son a\u00fan peores: el 70% de las mujeres de la CAV y el 75% en Nafarroa. \u00abNi se garantiza la pensi\u00f3n m\u00ednima ni se adopta ninguna ninguna medida para reducir la brecha de las pensiones entre hombres y mujeres. Tampoco hay ning\u00fan reconocimiento ni compensaci\u00f3n econ\u00f3mica alguna para el trabajo de cuidados realizado gratuitamente por las mujeres\u00bb, ha concretado la secretaria general.<\/p>\n\n\n\n<p>Asimismo, no se garantiza la&nbsp;sostenibilidad financiera de la Seguridad Social. Para garantizar la financiaci\u00f3n del sistema se deben de adoptar medidas m\u00e1s estructurales para redistribuir mejor la riqueza que se genera. No es suficiente con sacar los gastos impropios del sistema. Desde LAB, planteamos medidas como: aumentar las cotizaciones estableciendo el salario m\u00ednimo en 1200 euros y mejorando los salarios m\u00e1s bajos; aumentar las cotizaciones suprimiendo los topes de cotizaci\u00f3n a los salarios m\u00e1s altos; y renovar la pol\u00edtica fiscal para recaudar m\u00e1s dinero y hacerlo de manera m\u00e1s progresiva.<\/p>\n\n\n\n<p>Por otro lado, con las recomendaciones del Pacto de Toledo se abre la puerta a&nbsp;potenciar los planes privados de pensiones de empleo. No compartimos esta visi\u00f3n.<\/p>\n\n\n\n<p>Tambi\u00e9n se potencia<strong>&nbsp;<\/strong>el retraso de la edad de jubilaci\u00f3n. LAB est\u00e1 totalmente en contra de esta medida. Hay que adelantar la edad de jubilaci\u00f3n a 60 a\u00f1os.<\/p>\n\n\n\n<p>En cuanto a&nbsp;la revalorizaci\u00f3n de las pensiones tomando como referencia el IPC, nos parece un aspecto positivo, siempre y cuando quede claro que se va a garantizar legalmente.<\/p>\n\n\n\n<p>Estas recomendaciones del Pacto de Toledo en unos meses se concretar\u00e1n en una nueva reforma de pensiones. Seg\u00fan Garbi\u00f1e Aranburu, \u00abno podemos seguir mirando a Madrid y limitarnos a valorar las medidas que se nos imponen desde el Estado. Para garantizar un sistema p\u00fablico de pensiones,&nbsp;hay que transformar el modelo y eso nos lleva a volver a hablar de la necesidad de un sistema propio\u00bb.<\/p>\n\n\n\n<p>Desde LAB, <a href=\"https:\/\/www.lab.eus\/es\/hemos-propuesto-en-la-asamblea-intercongresual-un-codigo-laboral-para-euskal-herria-y-una-ley-para-una-seguridad-social-propia\/\">estamos elaborando una propuesta para una nueva Ley de Seguridad Social<\/a>.&nbsp;Esa ley debe contar con capacidad legislativa en todas las cuestiones relacionadas con las pensiones y con la protecci\u00f3n social. \u00abNo queremos limitarnos a gestionar lo que decida Madrid. No basta con cumplir el Estatuto de Autonom\u00eda y el Amejoramiento, que se limitan a recoger la gesti\u00f3n. Hay que superar el actual marco jur\u00eddico y pol\u00edtico\u00bb, se\u00f1ala la secretaria general.<\/p>\n\n\n\n<p>En la elaboraci\u00f3n de la propuesta para una nueva Ley de Seguridad Social, LAB quiere contar con la opini\u00f3n y con&nbsp;las propuestas del movimiento de pensionistas y de movimientos sociales que trabajan en el \u00e1mbito de la protecci\u00f3n social.<\/p>\n\n\n\n<p><\/p>\n","protected":false},"excerpt":{"rendered":"<p>Garbi\u00f1e Aranburu, secretaria general de LAB, ha comparecido en Bilbo, junto a un representante del \u00c1rea de Mayores y Pensionistas del sindicato, para valorar las \u00faltimas decisiones del Pacto de Toledo y hacer un llamamiento a participar en las movilizaciones convocadas para el 31 de octubre por el movimiento de pensionistas y por el movimiento de usuarias y usuarios de las residencias. \u00abPara garantizar un sistema p\u00fablico de pensiones, hay que transformar el modelo y eso nos lleva a volver a hablar de la necesidad de un sistema propio\u00bb, ha se\u00f1alado.<\/p>\n","protected":false},"author":1189,"featured_media":28517,"comment_status":"closed","ping_status":"closed","sticky":false,"template":"","format":"standard","meta":{"_monsterinsights_skip_tracking":false,"_monsterinsights_sitenote_active":false,"_monsterinsights_sitenote_note":"","_monsterinsights_sitenote_category":0,"footnotes":"","_links_to":"","_links_to_target":""},"categories":[2994,513,22,2919,397,3283],"tags":[3182,3178,3202],"class_list":{"0":"post-28509","1":"post","2":"type-post","3":"status-publish","4":"format-standard","5":"has-post-thumbnail","7":"category-accion-social","8":"category-heldu-eta-pentsiodunak-gidak-eta-protokoloak","9":"category-es-pensionistas","10":"category-reforma-de-las-pensiones","11":"category-es-seguridad-social-es-socio-economia","12":"category-sin-categorizar","13":"tag-accion-social-es","14":"tag-destacado-1","15":"tag-pensiones"},"_links":{"self":[{"href":"https:\/\/www.lab.eus\/es\/wp-json\/wp\/v2\/posts\/28509","targetHints":{"allow":["GET"]}}],"collection":[{"href":"https:\/\/www.lab.eus\/es\/wp-json\/wp\/v2\/posts"}],"about":[{"href":"https:\/\/www.lab.eus\/es\/wp-json\/wp\/v2\/types\/post"}],"author":[{"embeddable":true,"href":"https:\/\/www.lab.eus\/es\/wp-json\/wp\/v2\/users\/1189"}],"replies":[{"embeddable":true,"href":"https:\/\/www.lab.eus\/es\/wp-json\/wp\/v2\/comments?post=28509"}],"version-history":[{"count":0,"href":"https:\/\/www.lab.eus\/es\/wp-json\/wp\/v2\/posts\/28509\/revisions"}],"wp:featuredmedia":[{"embeddable":true,"href":"https:\/\/www.lab.eus\/es\/wp-json\/wp\/v2\/media\/28517"}],"wp:attachment":[{"href":"https:\/\/www.lab.eus\/es\/wp-json\/wp\/v2\/media?parent=28509"}],"wp:term":[{"taxonomy":"category","embeddable":true,"href":"https:\/\/www.lab.eus\/es\/wp-json\/wp\/v2\/categories?post=28509"},{"taxonomy":"post_tag","embeddable":true,"href":"https:\/\/www.lab.eus\/es\/wp-json\/wp\/v2\/tags?post=28509"}],"curies":[{"name":"wp","href":"https:\/\/api.w.org\/{rel}","templated":true}]}}