{"id":28487,"date":"2020-10-27T14:49:02","date_gmt":"2020-10-27T14:49:02","guid":{"rendered":"https:\/\/www.lab.eus\/?p=28487"},"modified":"2020-10-27T14:49:04","modified_gmt":"2020-10-27T14:49:04","slug":"a-pesar-de-ser-un-mejor-trimestre-aun-estamos-lejos-del-nivel-de-empleo-anterior-a-la-crisis","status":"publish","type":"post","link":"https:\/\/www.lab.eus\/es\/a-pesar-de-ser-un-mejor-trimestre-aun-estamos-lejos-del-nivel-de-empleo-anterior-a-la-crisis\/","title":{"rendered":"A pesar de ser un mejor trimestre, a\u00fan estamos lejos del nivel de empleo anterior a la crisis"},"content":{"rendered":"\n<p>Seg\u00fan la EPA, en el tercer trimestre de este a\u00f1o la poblaci\u00f3n ocupada de Hego Euskal Herria aument\u00f3 en 28.800 personas, la gran mayor\u00eda mujeres. Esta evoluci\u00f3n recoge el efecto rebote producido tras el final del confinamiento y el duro golpe soportado en el trimestre anterior, cuando la paralizaci\u00f3n econ\u00f3mica provoc\u00f3 la destrucci\u00f3n de 43.200 puestos de trabajo.<\/p>\n\n\n\n<p>Por tanto, entre julio y septiembre se han recuperado dos tercios del empleo perdido en los tres meses previos. Sin embargo, todav\u00eda hay 20.500 personas menos ocupadas (-1,7%) que hace un a\u00f1o.<\/p>\n\n\n\n<p>El sector de la sociedad que sufre las consecuencias laborales de la actual crisis con mayor crudeza es la juventud sin lugar a dudas. En el \u00faltimo a\u00f1o se ha destruido m\u00e1s del 20% del empleo juvenil y la tasa de paro se ha elevado por encima del 39%.<\/p>\n\n\n\n<p>Por otro lado, debemos tener en cuenta las limitaciones de la EPA para recoger todo lo que est\u00e1 sucediendo en el mercado laboral durante estos meses, ya que la metodolog\u00eda de la encuesta considera ocupadas a aquellas personas que est\u00e1n sometidas a suspensi\u00f3n temporal de empleo a trav\u00e9s de un ERTE.<\/p>\n\n\n\n<p>Concretamente, en Hego Euskal Herria una media de 44.280 personas han estado afectadas por un ERTE en alg\u00fan momento a lo largo del tercer trimestre del a\u00f1o. Aunque para finales de septiembre esta cifra ya hab\u00eda descendido por debajo de las 30.480 personas.<\/p>\n\n\n\n<p>La utilizaci\u00f3n masiva de ERTEs ha permitido contener el n\u00famero de despidos en la primera oleada; pero esto no impide constatar que el impacto del Covid-19 sobre la actividad laboral han sido mayor del que cabr\u00eda deducir por los datos de la encuesta.<\/p>\n\n\n\n<p>De hecho, el empleo medido en puestos de trabajo equivalentes a tiempo completo ha sufrido una ca\u00edda interanual del 6,5% en la CAV. Este dato nos proporciona una idea m\u00e1s aproximada de los efectos de la pandemia en el empleo, al menos desde el punto de vista de las horas efectivamente trabajadas. El Nastat todav\u00eda no ha avanzado ninguna informaci\u00f3n a este respecto sobre Nafarroa Garaia.<\/p>\n\n\n\n<p>En todo caso, es conveniente ser conscientes de que todav\u00eda estamos en fase de resistencia frente al virus; de manera que la prioridad ahora es evitar su propagaci\u00f3n, salvar vidas e impedir una mayor destrucci\u00f3n del tejido productivo.<\/p>\n\n\n\n<p>En este complicado contexto debemos desarrollar nuestra labor sindical frente a otras tres epidemias que tambi\u00e9n se agravan: el desempleo, la precariedad y las reducciones salariales.<\/p>\n","protected":false},"excerpt":{"rendered":"<p>Todav\u00eda estamos en fase de resistencia frente al virus; de manera que la prioridad ahora es evitar su propagaci\u00f3n, salvar vidas e impedir una mayor destrucci\u00f3n del tejido productivo. En este complicado contexto debemos desarrollar nuestra labor sindical frente a otras tres epidemias que tambi\u00e9n se agravan: el desempleo, la precariedad y las reducciones salariales.<\/p>\n","protected":false},"author":1189,"featured_media":28485,"comment_status":"closed","ping_status":"closed","sticky":false,"template":"","format":"standard","meta":{"_monsterinsights_skip_tracking":false,"_monsterinsights_sitenote_active":false,"_monsterinsights_sitenote_note":"","_monsterinsights_sitenote_category":0,"footnotes":"","_links_to":"","_links_to_target":""},"categories":[3283],"tags":[3101],"class_list":{"0":"post-28487","1":"post","2":"type-post","3":"status-publish","4":"format-standard","5":"has-post-thumbnail","7":"category-sin-categorizar","8":"tag-desempleo"},"_links":{"self":[{"href":"https:\/\/www.lab.eus\/es\/wp-json\/wp\/v2\/posts\/28487","targetHints":{"allow":["GET"]}}],"collection":[{"href":"https:\/\/www.lab.eus\/es\/wp-json\/wp\/v2\/posts"}],"about":[{"href":"https:\/\/www.lab.eus\/es\/wp-json\/wp\/v2\/types\/post"}],"author":[{"embeddable":true,"href":"https:\/\/www.lab.eus\/es\/wp-json\/wp\/v2\/users\/1189"}],"replies":[{"embeddable":true,"href":"https:\/\/www.lab.eus\/es\/wp-json\/wp\/v2\/comments?post=28487"}],"version-history":[{"count":0,"href":"https:\/\/www.lab.eus\/es\/wp-json\/wp\/v2\/posts\/28487\/revisions"}],"wp:featuredmedia":[{"embeddable":true,"href":"https:\/\/www.lab.eus\/es\/wp-json\/wp\/v2\/media\/28485"}],"wp:attachment":[{"href":"https:\/\/www.lab.eus\/es\/wp-json\/wp\/v2\/media?parent=28487"}],"wp:term":[{"taxonomy":"category","embeddable":true,"href":"https:\/\/www.lab.eus\/es\/wp-json\/wp\/v2\/categories?post=28487"},{"taxonomy":"post_tag","embeddable":true,"href":"https:\/\/www.lab.eus\/es\/wp-json\/wp\/v2\/tags?post=28487"}],"curies":[{"name":"wp","href":"https:\/\/api.w.org\/{rel}","templated":true}]}}