{"id":28419,"date":"2020-10-23T11:25:01","date_gmt":"2020-10-23T11:25:01","guid":{"rendered":"https:\/\/www.lab.eus\/?p=28419"},"modified":"2020-10-23T11:29:49","modified_gmt":"2020-10-23T11:29:49","slug":"hemos-tildado-de-irresponsable-la-actitud-de-la-mancomunidad-y-de-la-empresa-tcc-ante-la-orden-dada-desde-el-gobierno-de-chivite","status":"publish","type":"post","link":"https:\/\/www.lab.eus\/es\/hemos-tildado-de-irresponsable-la-actitud-de-la-mancomunidad-y-de-la-empresa-tcc-ante-la-orden-dada-desde-el-gobierno-de-chivite\/","title":{"rendered":"Tildamos de irresponsable la actitud de la Mancomunidad y de la empresa TCC ante la orden dada desde el Gobierno de Chivite"},"content":{"rendered":"\n<p>Desde la secci\u00f3n sindical de LAB en TCC han querido dar su opini\u00f3n en torno a las medidas establecidas con repecto al transporte p\u00fablico colectivo de la Comarca de Pamplona:<\/p>\n\n\n\n<p>\u201cEl presidente de la mancomunidad ha afirmado que la nueva restricci\u00f3n de las villavesas dejar\u00e1 viajeros en las paradas, despreocup\u00e1ndose por completo de que este d\u00e9ficit de autobuses tiene consecuencias directas en el d\u00eda a d\u00eda de la plantilla de conductoras de TCC.<\/p>\n\n\n\n<p>Aparte de que muchas usuarias se quedar\u00e1n fuera en horas punta y no se estar\u00e1 garantizando un servicio p\u00fablico de calidad a la ciudadan\u00eda, somos las conductoras y conductores las que tenemos que controlar los aforos de las villavesas, lo que expone a la persona trabajadora a un riesgo. En ese sentido, nos preocupa que se generen situaciones de tensi\u00f3n e incluso de enfrentamientos desde los usuarios\/as hacia las y los conductores como a ocurrido en m\u00e1s de una situaci\u00f3n llegando a producirse agresiones hacia este colectivo de trabajadores\/as.<\/p>\n\n\n\n<p>Cuando se tomen medidas desde el Gobierno o Mancomunidad, deben tener en cuenta a qui\u00e9nes y c\u00f3mo afectan y poner soluciones encima de la mesa. Reducir el aforo de las villavesas al 50% es una medida aceptable pero irreal si se quiere seguir dando el servicio a todas las personas que diariamente usan el servicio de transporte p\u00fablico para acudir al trabajo o a clase.<\/p>\n\n\n\n<p>No nos vale que todos los responsables vean los agujeros que quedan vac\u00edos y nos dejen apa\u00f1\u00e1rnoslas como podamos, no estamos dispuestas a dar la cara mientras desde la administraci\u00f3n no est\u00e9 dispuesta a poner los medios necesarios\u201d.<\/p>\n","protected":false},"excerpt":{"rendered":"<p>Aparte de que muchas usuarias y usuarios se quedar\u00e1n fuera en horas punta y no se estar\u00e1 garantizando un servicio p\u00fablico de calidad a la ciudadan\u00eda, son las conductoras y conductores los que tendr\u00e1n que controlar los aforos de las villavesas, lo que expone a la persona trabajadora a un riesgo. <\/p>\n","protected":false},"author":1189,"featured_media":28418,"comment_status":"closed","ping_status":"closed","sticky":false,"template":"","format":"standard","meta":{"_monsterinsights_skip_tracking":false,"_monsterinsights_sitenote_active":false,"_monsterinsights_sitenote_note":"","_monsterinsights_sitenote_category":0,"footnotes":"","_links_to":"","_links_to_target":""},"categories":[6,3283,3120],"tags":[3171],"class_list":{"0":"post-28419","1":"post","2":"type-post","3":"status-publish","4":"format-standard","5":"has-post-thumbnail","7":"category-es-servicios-publicos","8":"category-sin-categorizar","9":"category-transporte","10":"tag-servicios-publicos-es"},"_links":{"self":[{"href":"https:\/\/www.lab.eus\/es\/wp-json\/wp\/v2\/posts\/28419","targetHints":{"allow":["GET"]}}],"collection":[{"href":"https:\/\/www.lab.eus\/es\/wp-json\/wp\/v2\/posts"}],"about":[{"href":"https:\/\/www.lab.eus\/es\/wp-json\/wp\/v2\/types\/post"}],"author":[{"embeddable":true,"href":"https:\/\/www.lab.eus\/es\/wp-json\/wp\/v2\/users\/1189"}],"replies":[{"embeddable":true,"href":"https:\/\/www.lab.eus\/es\/wp-json\/wp\/v2\/comments?post=28419"}],"version-history":[{"count":0,"href":"https:\/\/www.lab.eus\/es\/wp-json\/wp\/v2\/posts\/28419\/revisions"}],"wp:featuredmedia":[{"embeddable":true,"href":"https:\/\/www.lab.eus\/es\/wp-json\/wp\/v2\/media\/28418"}],"wp:attachment":[{"href":"https:\/\/www.lab.eus\/es\/wp-json\/wp\/v2\/media?parent=28419"}],"wp:term":[{"taxonomy":"category","embeddable":true,"href":"https:\/\/www.lab.eus\/es\/wp-json\/wp\/v2\/categories?post=28419"},{"taxonomy":"post_tag","embeddable":true,"href":"https:\/\/www.lab.eus\/es\/wp-json\/wp\/v2\/tags?post=28419"}],"curies":[{"name":"wp","href":"https:\/\/api.w.org\/{rel}","templated":true}]}}