{"id":28360,"date":"2020-10-22T12:41:29","date_gmt":"2020-10-22T12:41:29","guid":{"rendered":"https:\/\/www.lab.eus\/?p=28360"},"modified":"2020-10-22T12:42:58","modified_gmt":"2020-10-22T12:42:58","slug":"denunciaremos-en-los-juzgados-los-servicios-minimos-establecidos-para-la-huelga-del-6-de-octubre-en-residencias-de-gipuzkoa","status":"publish","type":"post","link":"https:\/\/www.lab.eus\/es\/denunciaremos-en-los-juzgados-los-servicios-minimos-establecidos-para-la-huelga-del-6-de-octubre-en-residencias-de-gipuzkoa\/","title":{"rendered":"Denunciaremos en los juzgados los servicios m\u00ednimos establecidos para la huelga del 6 de octubre en residencias de mayores de Gipuzkoa"},"content":{"rendered":"\n<p>Desde que se inici\u00f3 esta crisis, el sector de las residencias de personas mayores ha sido uno de los que m\u00e1s consecuencias ha tenido. Las tasas de mortalidad entre los y las residentes han sido muy altas, \u00e9stas y \u00e9stos residentes han estado muchos meses sin poder salir de la residencia ni estar con sus familiares&#8230; La carga de trabajo y los ritmos de los trabajo cada d\u00eda son mayores, los protocolos a cumplir cambian de un d\u00eda para otro y estos nunca se acuerdan con las personas trabajadoras.<\/p>\n\n\n\n<p>Las consecuencias de todo esto son dram\u00e1ticas, las personas trabajadoras est\u00e1n poniendo en peligro su salud y las y los residentes no pueden recibir el servicio que se merecen, poniendo en riesgo su salud.<\/p>\n\n\n\n<p>En esta situaci\u00f3n, la Diputaci\u00f3n Foral de Gipuzkoa no ha tomado ninguna medida para solucionar el conflicto laboral y tampoco ha modificado el cat\u00e1logo de ratios existente, lo que significa que las trabajadoras y los trabajadores siguen sin convenio provincial y, que para hacer frente a las cargas y ritmos de trabajo derivados de esta crisis, la Diputaci\u00f3n no ha modificado ning\u00fan ratio referido al personal.<\/p>\n\n\n\n<p>Lo que est\u00e1 haciendo la Diputaci\u00f3n Foral de Gipuzkoa con el personal de las residencias de personas mayores no tiene nombre. No podemos aceptar que mientras las personas trabajadoras lo est\u00e1n dando todo, la Diputaci\u00f3n Foral de Gipuzkoa no est\u00e9 tomando medidas (convenio provincial y mejora de los ratios de personal).<\/p>\n\n\n\n<p>Las trabajadoras y trabajadores de residencias comenzaron hace a\u00f1os a luchar por sus condiciones laborales y han tenido que hacer muchas jornadas de movilizaciones y huelgas. En esta ocasi\u00f3n les han negado el derecho a la huelga, en los servicios m\u00ednimos aprobados por el Gobierno Vasco de la \u00faltima jornada de huelga del 6 de octubre, pr\u00e1cticamente en todas las categor\u00edas aparecen con servicios m\u00ednimos del 100%.<\/p>\n\n\n\n<p>Ante esta violenta vulneraci\u00f3n de derechos y en defensa de las trabajadoras y trabajadores, el sindicato LAB ha decidido denunciar en el juzgado esta vulneraci\u00f3n de derechos.<\/p>\n\n\n\n<p>Las instituciones p\u00fablicas no toman medidas que mejoren la realidad, pero son capaces de quitar el derecho de huelga que es b\u00e1sico para que las personas trabajadoras hagan sus reivindicaciones.<\/p>\n\n\n\n<p>Queremos denunciar firmemente, la actitud que han adoptado la Diputaci\u00f3n Foral de Gipuzkoa y el Gobierno Vasco, su misi\u00f3n, entre otras, es defender a las personas trabajadoras y personas usuarias, pero est\u00e1n quedando muy lejos de ese objetivo.<\/p>\n\n\n\n<p>El sindicato LAB no va a tolerar los ataques contra las trabajadoras, vamos a estar firmes en la defensa de nuestros derechos.<\/p>\n","protected":false},"excerpt":{"rendered":"<p>Queremos denunciar firmemente, la actitud que han adoptado la Diputaci\u00f3n Foral de Gipuzkoa y el Gobierno Vasco, su misi\u00f3n, entre otras, es defender a las personas trabajadoras y personas usuarias, pero est\u00e1n quedando muy lejos de ese objetivo.<\/p>\n","protected":false},"author":1189,"featured_media":28359,"comment_status":"closed","ping_status":"closed","sticky":false,"template":"","format":"standard","meta":{"_monsterinsights_skip_tracking":false,"_monsterinsights_sitenote_active":false,"_monsterinsights_sitenote_note":"","_monsterinsights_sitenote_category":0,"footnotes":"","_links_to":"","_links_to_target":""},"categories":[3000,6],"tags":[3217,3171],"class_list":{"0":"post-28360","1":"post","2":"type-post","3":"status-publish","4":"format-standard","5":"has-post-thumbnail","7":"category-servicio-sociocomunitario","8":"category-es-servicios-publicos","9":"tag-servicios-sociocomunitarios","10":"tag-servicios-publicos-es"},"_links":{"self":[{"href":"https:\/\/www.lab.eus\/es\/wp-json\/wp\/v2\/posts\/28360","targetHints":{"allow":["GET"]}}],"collection":[{"href":"https:\/\/www.lab.eus\/es\/wp-json\/wp\/v2\/posts"}],"about":[{"href":"https:\/\/www.lab.eus\/es\/wp-json\/wp\/v2\/types\/post"}],"author":[{"embeddable":true,"href":"https:\/\/www.lab.eus\/es\/wp-json\/wp\/v2\/users\/1189"}],"replies":[{"embeddable":true,"href":"https:\/\/www.lab.eus\/es\/wp-json\/wp\/v2\/comments?post=28360"}],"version-history":[{"count":0,"href":"https:\/\/www.lab.eus\/es\/wp-json\/wp\/v2\/posts\/28360\/revisions"}],"wp:featuredmedia":[{"embeddable":true,"href":"https:\/\/www.lab.eus\/es\/wp-json\/wp\/v2\/media\/28359"}],"wp:attachment":[{"href":"https:\/\/www.lab.eus\/es\/wp-json\/wp\/v2\/media?parent=28360"}],"wp:term":[{"taxonomy":"category","embeddable":true,"href":"https:\/\/www.lab.eus\/es\/wp-json\/wp\/v2\/categories?post=28360"},{"taxonomy":"post_tag","embeddable":true,"href":"https:\/\/www.lab.eus\/es\/wp-json\/wp\/v2\/tags?post=28360"}],"curies":[{"name":"wp","href":"https:\/\/api.w.org\/{rel}","templated":true}]}}