{"id":28353,"date":"2020-10-22T10:55:58","date_gmt":"2020-10-22T10:55:58","guid":{"rendered":"https:\/\/www.lab.eus\/?p=28353"},"modified":"2020-10-22T10:56:00","modified_gmt":"2020-10-22T10:56:00","slug":"el-gobierno-vasco-pone-en-jaque-el-futuro-del-consorcio-haurreskolak","status":"publish","type":"post","link":"https:\/\/www.lab.eus\/es\/el-gobierno-vasco-pone-en-jaque-el-futuro-del-consorcio-haurreskolak\/","title":{"rendered":"El Gobierno Vasco pone en jaque el futuro del Consorcio Haurreskolak"},"content":{"rendered":"\n<p>Los sindicatos con representaci\u00f3n sindical en el Consorcio Haurreskolak, LAB, Steilas y ELA, queremos hacer saber que, una vez comenzado este complicado curso escolar y despu\u00e9s de casi dos meses sin tener ning\u00fan contacto con la gerencia del Consorcio ni con representantes del Gobierno Vasco y dada la dura situaci\u00f3n en la que se encuentran las trabajadoras y el propio proyecto educativo, nos vemos en la necesidad de dar inicio a una serie de movilizaciones.&nbsp;<\/p>\n\n\n\n<p>De hecho, mientras en otros sectores del Departamento de Educaci\u00f3n se han convocado ya durante esta semana sendas mesas negociadoras (educaci\u00f3n especial, profesorado, trabajadoras de servicios&#8230;..) las representaci\u00f3n sindical del Consorcio Haurreskolak no ha sido todav\u00eda llamada a ninguna reuni\u00f3n, aunque hayamos ya denunciado este hecho en varias ocasiones a lo largo de este curso.&nbsp;<\/p>\n\n\n\n<p>De igual manera, Jokin Bildarratz actual Consejero de Educaci\u00f3n y Presidente del Comit\u00e9 Directivo del Consorcio Haurreskolak, no ha nombrado a la persona que representar\u00e1 al departamento en la mesa negociadora del Consorcio Haurreskolak, evidentemente esto demuestra una gran irresponsabilidad para con el Consorcio. Para nosotras es de vital importancia que el representante del Departamento de Educaci\u00f3n participe en las mesas negociadoras, ya que la negociaci\u00f3n de algunos temas es responsabilidad del propio Departamento, y supera el \u00e1mbito del Consorcio Haurreskolak.&nbsp;&nbsp;&nbsp;&nbsp;&nbsp;&nbsp;&nbsp;&nbsp;&nbsp;&nbsp;&nbsp;&nbsp;&nbsp;&nbsp;&nbsp;&nbsp;&nbsp;&nbsp;&nbsp;&nbsp;&nbsp;&nbsp;&nbsp;&nbsp;&nbsp;&nbsp;&nbsp;&nbsp;&nbsp;&nbsp;&nbsp;&nbsp;&nbsp;&nbsp;&nbsp;&nbsp;&nbsp;&nbsp;&nbsp;&nbsp;&nbsp;&nbsp;&nbsp;&nbsp;&nbsp;&nbsp;&nbsp;&nbsp;&nbsp;&nbsp;&nbsp;&nbsp;&nbsp;&nbsp;&nbsp;&nbsp;&nbsp;&nbsp;&nbsp;&nbsp;&nbsp;&nbsp;&nbsp;&nbsp;&nbsp;&nbsp;&nbsp;&nbsp;&nbsp;&nbsp;&nbsp;&nbsp;&nbsp;&nbsp;&nbsp;&nbsp;&nbsp;&nbsp;&nbsp;&nbsp;&nbsp;&nbsp;&nbsp;&nbsp;&nbsp;&nbsp;&nbsp;&nbsp;&nbsp;&nbsp;&nbsp;&nbsp;&nbsp;&nbsp;&nbsp;&nbsp;&nbsp;&nbsp;&nbsp;&nbsp;&nbsp;&nbsp;&nbsp;&nbsp;&nbsp;&nbsp;&nbsp;&nbsp;&nbsp;&nbsp;&nbsp;&nbsp;&nbsp;&nbsp;&nbsp;<\/p>\n\n\n\n<p>Por otra parte, desde el cambio de gerencia, en el que Zorione Etxezarraga tom\u00f3 la direcci\u00f3n del Consorcio, hemos de destacar la situaci\u00f3n de incomunicaci\u00f3n con la representaci\u00f3n sindical y la toma de decisiones de manera unilateral con un fuerte car\u00e1cter autoritario. Pero esta forma de actuar se ha agravado durante la pandemia, en la que las representantes de las trabajadoras no hemos sido tenidas en cuenta a la hora de tomar decisiones que afectan directamente a nuestro futuro laboral y profesional.&nbsp;<\/p>\n\n\n\n<p>Por otra parte, en lo referente a la situaci\u00f3n actual de las haurreskolak, queremos denunciar algunas de las decisiones unilaterales tomadas por la Gerente que est\u00e1n poniendo en riesgo el proyecto educativo del Consorcio, y que, por lo tanto, paralizarlas ser\u00e1 nuestro principal objetivo.<\/p>\n\n\n\n<p>-Se nos niega la negociaci\u00f3n colectiva, vulnerando todos los convenios y normativas existentes, menospreciando la representaci\u00f3n de los trabajadores.<\/p>\n\n\n\n<p>-Se ha bloqueado la nueva contrataci\u00f3n de personal sustituto, de manera que, para cubrir las bajas m\u00e9dicas, permisos o licencias de otras trabajadoras, se recurre al desplazamiento diario de una haurreskola a otra de trabajadoras ya contratadas, poniendo en riesgo el proyecto educativo, los principios pedag\u00f3gicos y la adaptaci\u00f3n de los ni\u00f1os.&nbsp;<\/p>\n\n\n\n<p>-En otros casos, se est\u00e1 obligando a realizar horas extras bajo la amenaza de no ser cubiertas las sustituciones. Aunque en nuestro convenio las horas extras est\u00e1n reguladas \u00fanicamente para situaciones extraordinarias, actualmente se est\u00e1n aplicando a situaciones ordinarias y que se pueden prever.<\/p>\n\n\n\n<p>-Ha tomado la decisi\u00f3n de bloquear la contrataci\u00f3n, como si el Consorcio Haurreskolak fuera una empresa privada. Con ello, ha dejado sin trabajo a cientos de trabajadoras sustitutas que durante muchos a\u00f1os han sido un pilar importante para el proyecto educativo que ofrece el Consorcio, encontr\u00e1ndose actualmente en situaci\u00f3n de abandono por parte de las instituciones p\u00fablicas.<\/p>\n\n\n\n<p>Por lo tanto, denunciamos que siendo el Consorcio Haurreskolak una empresa p\u00fablica que ofrece un servicio educativo y social, Zorione Etxezarraga como Gerente del Consorcio, ha tomado la decisi\u00f3n de no superar el presupuesto actual, que por otra parte no ha tenido ning\u00fan incremento para responder al plan de contingencia adecuadamente y as\u00ed hacer frente a la situaci\u00f3n de pandemia, y est\u00e1 utilizando esta situaci\u00f3n para destruir puestos de trabajo y empeorar las condiciones laborales de las trabajadoras.&nbsp;<\/p>\n\n\n\n<p>As\u00ed las cosas, como dec\u00edamos al principio, con el objetivo de recuperar la negociaci\u00f3n, desbloquear la contrataci\u00f3n y mejorar las condiciones laborales de las trabajadoras, pondremos en marcha una din\u00e1mica de movilizaci\u00f3n.<\/p>\n\n\n\n<p>&#8211; El pr\u00f3ximo mi\u00e9rcoles, d\u00eda 28, a las 11:00 de la ma\u00f1ana, realizaremos una concentraci\u00f3n a las puertas de Lakua aprovechando la celebraci\u00f3n del Comit\u00e9 Directivo del Consorcio Haurreskolak.&nbsp;&nbsp;Hemos de destacar la importancia de esta convocatoria ya que es en este Comit\u00e9 donde se deben tomar importantes decisiones que afectan tanto a las trabajadoras del Consorcio como al devenir del proyecto educativo. Sin embargo en este foro tampoco es o\u00edda la voz de las trabajadoras.&nbsp;<\/p>\n\n\n\n<p>&#8211; Tambi\u00e9n la semana siguiente de forma descentralizada en las Delegaciones de Educaci\u00f3n de las 3 capitales vascas. Faltan por concretar los d\u00edas y horarios.&nbsp;<\/p>\n\n\n\n<p>El Gobierno Vasco est\u00e1 poniendo en jaque el futuro del Consorcio Haurreskolak; para dar la vuelta a esta situaci\u00f3n y para que se garantice el derecho a la educaci\u00f3n de todas las ni\u00f1as y&nbsp;&nbsp;ni\u00f1os desde su nacimiento, es necesario y queremos que Haurreskolak sea gratuito y se integre en el departamento de Educaci\u00f3n.&nbsp;<\/p>\n","protected":false},"excerpt":{"rendered":"<p>Los sindicatos con representaci\u00f3n sindical en el Consorcio Haurreskolak, LAB, Steilas y ELA, queremos hacer saber que, una vez comenzado este complicado curso escolar y despu\u00e9s de casi dos meses sin tener ning\u00fan contacto con la gerencia del Consorcio ni con representantes del Gobierno Vasco y dada la dura situaci\u00f3n en la que se encuentran las trabajadoras y el propio proyecto educativo, nos vemos en la necesidad de dar inicio a una serie de movilizaciones. <\/p>\n","protected":false},"author":1189,"featured_media":28350,"comment_status":"closed","ping_status":"closed","sticky":false,"template":"","format":"standard","meta":{"_monsterinsights_skip_tracking":false,"_monsterinsights_sitenote_active":false,"_monsterinsights_sitenote_note":"","_monsterinsights_sitenote_category":0,"footnotes":"","_links_to":"","_links_to_target":""},"categories":[33,3054,6],"tags":[3178,3194,3171],"class_list":{"0":"post-28353","1":"post","2":"type-post","3":"status-publish","4":"format-standard","5":"has-post-thumbnail","7":"category-es-ensenanza","8":"category-haur-eskola","9":"category-es-servicios-publicos","10":"tag-destacado-1","11":"tag-ensenanza-es","12":"tag-servicios-publicos-es"},"_links":{"self":[{"href":"https:\/\/www.lab.eus\/es\/wp-json\/wp\/v2\/posts\/28353","targetHints":{"allow":["GET"]}}],"collection":[{"href":"https:\/\/www.lab.eus\/es\/wp-json\/wp\/v2\/posts"}],"about":[{"href":"https:\/\/www.lab.eus\/es\/wp-json\/wp\/v2\/types\/post"}],"author":[{"embeddable":true,"href":"https:\/\/www.lab.eus\/es\/wp-json\/wp\/v2\/users\/1189"}],"replies":[{"embeddable":true,"href":"https:\/\/www.lab.eus\/es\/wp-json\/wp\/v2\/comments?post=28353"}],"version-history":[{"count":0,"href":"https:\/\/www.lab.eus\/es\/wp-json\/wp\/v2\/posts\/28353\/revisions"}],"wp:featuredmedia":[{"embeddable":true,"href":"https:\/\/www.lab.eus\/es\/wp-json\/wp\/v2\/media\/28350"}],"wp:attachment":[{"href":"https:\/\/www.lab.eus\/es\/wp-json\/wp\/v2\/media?parent=28353"}],"wp:term":[{"taxonomy":"category","embeddable":true,"href":"https:\/\/www.lab.eus\/es\/wp-json\/wp\/v2\/categories?post=28353"},{"taxonomy":"post_tag","embeddable":true,"href":"https:\/\/www.lab.eus\/es\/wp-json\/wp\/v2\/tags?post=28353"}],"curies":[{"name":"wp","href":"https:\/\/api.w.org\/{rel}","templated":true}]}}