{"id":28332,"date":"2020-10-21T11:37:42","date_gmt":"2020-10-21T11:37:42","guid":{"rendered":"https:\/\/www.lab.eus\/?p=28332"},"modified":"2020-10-21T11:37:44","modified_gmt":"2020-10-21T11:37:44","slug":"nos-hemos-concentrado-para-reclamar-la-readmision-de-la-delegada-que-tasubinsa-ha-dejado-en-la-calle","status":"publish","type":"post","link":"https:\/\/www.lab.eus\/es\/nos-hemos-concentrado-para-reclamar-la-readmision-de-la-delegada-que-tasubinsa-ha-dejado-en-la-calle\/","title":{"rendered":"Nos hemos concentrado para reclamar la readmisi\u00f3n de la delegada que Tasubinsa ha dejado en la calle"},"content":{"rendered":"\n<p>Hoy por la ma\u00f1ana un nutrido grupo de delegados, afiliados y simpatizantes del sindicato LAB se han concentrado en el pol\u00edgono industrial de Arazuri-Orkoien frente a las oficinas generales de Tasubinsa para reclamar a la direcci\u00f3n de la empresa la readmisi\u00f3n de una delegada sindical que han dejado en la calle.<\/p>\n\n\n\n<p>LAB ha denunciado que a esta trabajadora con discapacidad, que llevaba dos a\u00f1os y medio trabajando en Tasubinsa -los dos \u00faltimos de manera activa como representante legal de toda la plantilla- la han dejado en la calle por haber reclamado que su contrato ten\u00eda que haber sido indefinido desde el inicio.<\/p>\n\n\n\n<p>As\u00ed mismo ha denunciado que Tasubinsa, el mayor centro especial de empleo de Navarra con 900 trabajadores y trabajadoras, y que recibe millones de euros de las arcas p\u00fablicas, utiliza la contrataci\u00f3n eventual de personas con discapacidad, de manera sistem\u00e1tica para mantener a estas personas contrato tras contrato, hasta 3 a\u00f1os, en la incertidumbre y sin garant\u00edas de futuro.<\/p>\n\n\n\n<p>LAB asegura que seguir\u00e1 movilizandose para que la delegada sea readmitida ya que entiende que en Tasubinsa hay trabajo suficiente y porque entiende que defender a la delegada es defender a toda la plantilla. En ese sentido este viernes a las 13:30 horas se volver\u00e1n a concentrar, en este caso, en el centro donde trabajaba la delegada, en la planta que Tasubinsa tiene en Tafalla.<\/p>\n","protected":false},"excerpt":{"rendered":"<p>LAB ha denunciado que a esta trabajadora con discapacidad, que llevaba dos a\u00f1os y medio trabajando en Tasubinsa -los dos \u00faltimos de manera activa como representante legal de toda la plantilla- la han dejado en la calle por haber reclamado que su contrato ten\u00eda que haber sido indefinido desde el inicio.<\/p>\n","protected":false},"author":1189,"featured_media":28330,"comment_status":"closed","ping_status":"closed","sticky":false,"template":"","format":"standard","meta":{"_monsterinsights_skip_tracking":false,"_monsterinsights_sitenote_active":false,"_monsterinsights_sitenote_note":"","_monsterinsights_sitenote_category":0,"footnotes":"","_links_to":"","_links_to_target":""},"categories":[321,3000,6],"tags":[3217,3171],"class_list":{"0":"post-28332","1":"post","2":"type-post","3":"status-publish","4":"format-standard","5":"has-post-thumbnail","7":"category-es-acoso-sindical","8":"category-servicio-sociocomunitario","9":"category-es-servicios-publicos","10":"tag-servicios-sociocomunitarios","11":"tag-servicios-publicos-es"},"_links":{"self":[{"href":"https:\/\/www.lab.eus\/es\/wp-json\/wp\/v2\/posts\/28332","targetHints":{"allow":["GET"]}}],"collection":[{"href":"https:\/\/www.lab.eus\/es\/wp-json\/wp\/v2\/posts"}],"about":[{"href":"https:\/\/www.lab.eus\/es\/wp-json\/wp\/v2\/types\/post"}],"author":[{"embeddable":true,"href":"https:\/\/www.lab.eus\/es\/wp-json\/wp\/v2\/users\/1189"}],"replies":[{"embeddable":true,"href":"https:\/\/www.lab.eus\/es\/wp-json\/wp\/v2\/comments?post=28332"}],"version-history":[{"count":0,"href":"https:\/\/www.lab.eus\/es\/wp-json\/wp\/v2\/posts\/28332\/revisions"}],"wp:featuredmedia":[{"embeddable":true,"href":"https:\/\/www.lab.eus\/es\/wp-json\/wp\/v2\/media\/28330"}],"wp:attachment":[{"href":"https:\/\/www.lab.eus\/es\/wp-json\/wp\/v2\/media?parent=28332"}],"wp:term":[{"taxonomy":"category","embeddable":true,"href":"https:\/\/www.lab.eus\/es\/wp-json\/wp\/v2\/categories?post=28332"},{"taxonomy":"post_tag","embeddable":true,"href":"https:\/\/www.lab.eus\/es\/wp-json\/wp\/v2\/tags?post=28332"}],"curies":[{"name":"wp","href":"https:\/\/api.w.org\/{rel}","templated":true}]}}