{"id":28303,"date":"2020-10-21T10:21:26","date_gmt":"2020-10-21T10:21:26","guid":{"rendered":"https:\/\/www.lab.eus\/?p=28303"},"modified":"2020-10-21T11:10:46","modified_gmt":"2020-10-21T11:10:46","slug":"se-ha-de-poner-la-salud-el-empleo-y-las-necesidades-de-las-personas-en-el-centro","status":"publish","type":"post","link":"https:\/\/www.lab.eus\/es\/se-ha-de-poner-la-salud-el-empleo-y-las-necesidades-de-las-personas-en-el-centro\/","title":{"rendered":"\u00abSe han de poner la salud, el empleo y las necesidades de las personas en el centro\u00bb"},"content":{"rendered":"\n<p>Las y los trabajadores de los comedores escolares de la CAV han realizado hoy la primera de las <a href=\"https:\/\/www.lab.eus\/es\/mantenemos-la-convocatoria-de-huelga-en-los-comedores-escolares-de-la-cav-pese-a-la-reunion-convocada-por-educacion\/\">tres jornadas de huelga<\/a> convocadas, al tiempo que han llevado a cabo movilizaciones en las capitales: sendas concentraciones en Gasteiz y Donostia y una manifestaci\u00f3n en Bilbo, a convocatoria de LAB, ELA, CCOO y UGT.<\/p>\n\n\n\n<p>A trav\u00e9s de la convocatoria de huelgas, las y los trabajadores de los comedores escolares han remarcado que se ha dado un paso al frente para dejar de ser invisibles: \u00abLa movilizaci\u00f3n acaba teniendo sus resultados. Ha hecho falta un preaviso de huelga para que el Departmento de Educaci\u00f3n sepa que nosotras tambi\u00e9n existimos, que nosotras tambi\u00e9n tenemos derecho; derecho a ser escuchadas, derecho a nuestra salud, a nuestro empleo y nuestras condiciones laborales. El pasado 15 de septiembre, toda la comunidad educativa salimos a la huelga para comenzar unas conversaciones. Sin embargo, a las trabajadoras de comedores se nos sigui\u00f3 ignorando, porque no eramos trabajadoras propias, porque somos subcontratas, como si la decisi\u00f3n de subcontratar no fuera de ellos\u00bb.<\/p>\n\n\n\n<figure class=\"wp-block-image size-large\"><img loading=\"lazy\" decoding=\"async\" width=\"1024\" height=\"768\" src=\"https:\/\/www.lab.eus\/wp-content\/uploads\/2020\/10\/Donostia-1024x768.jpeg\" alt=\"\" class=\"wp-image-28312\" srcset=\"https:\/\/www.lab.eus\/wp-content\/uploads\/2020\/10\/Donostia-1024x768.jpeg 1024w, https:\/\/www.lab.eus\/wp-content\/uploads\/2020\/10\/Donostia-300x225.jpeg 300w, https:\/\/www.lab.eus\/wp-content\/uploads\/2020\/10\/Donostia-768x576.jpeg 768w, https:\/\/www.lab.eus\/wp-content\/uploads\/2020\/10\/Donostia-150x113.jpeg 150w, https:\/\/www.lab.eus\/wp-content\/uploads\/2020\/10\/Donostia-696x522.jpeg 696w, https:\/\/www.lab.eus\/wp-content\/uploads\/2020\/10\/Donostia-1068x801.jpeg 1068w, https:\/\/www.lab.eus\/wp-content\/uploads\/2020\/10\/Donostia-560x420.jpeg 560w, https:\/\/www.lab.eus\/wp-content\/uploads\/2020\/10\/Donostia-80x60.jpeg 80w, https:\/\/www.lab.eus\/wp-content\/uploads\/2020\/10\/Donostia-265x198.jpeg 265w, https:\/\/www.lab.eus\/wp-content\/uploads\/2020\/10\/Donostia.jpeg 1280w\" sizes=\"auto, (max-width: 1024px) 100vw, 1024px\" \/><figcaption>Concentraci\u00f3n en Donostia.<\/figcaption><\/figure>\n\n\n\n<p>Desde que comenz\u00f3 el curso la situaci\u00f3n de las y los trabajadores es de inestabilidad y ese desconocimiento les ha llevado a vivir el inicio de curso con ansiedad: \u00abNo sab\u00edamos si \u00edbamos a empezar a trabajar, si nos iban a alargar el desempleo, si \u00edbamos a estar con nuestras compa\u00f1eras o no, con cuantos ni\u00f1os y ni\u00f1as ten\u00edamos que estar, si \u00edbamos a tener grupos burbujas, cu\u00e1nto tiempo \u00edbamos a tener para la limpieza. Y todo esto tiene un responsable: Gobierno Vasco. En vez de sentarse con nosotras y acordar la vuelta, ha estado mirando para otro lado, imponiendo protocolos que se han elaborado de manera unilateral\u00bb.<\/p>\n\n\n\n<figure class=\"wp-block-image size-large\"><img loading=\"lazy\" decoding=\"async\" width=\"1024\" height=\"768\" src=\"https:\/\/www.lab.eus\/wp-content\/uploads\/2020\/10\/GasteizJangelak1-1024x768.jpeg\" alt=\"\" class=\"wp-image-28314\" srcset=\"https:\/\/www.lab.eus\/wp-content\/uploads\/2020\/10\/GasteizJangelak1-1024x768.jpeg 1024w, https:\/\/www.lab.eus\/wp-content\/uploads\/2020\/10\/GasteizJangelak1-300x225.jpeg 300w, https:\/\/www.lab.eus\/wp-content\/uploads\/2020\/10\/GasteizJangelak1-768x576.jpeg 768w, https:\/\/www.lab.eus\/wp-content\/uploads\/2020\/10\/GasteizJangelak1-150x113.jpeg 150w, https:\/\/www.lab.eus\/wp-content\/uploads\/2020\/10\/GasteizJangelak1-696x522.jpeg 696w, https:\/\/www.lab.eus\/wp-content\/uploads\/2020\/10\/GasteizJangelak1-1068x801.jpeg 1068w, https:\/\/www.lab.eus\/wp-content\/uploads\/2020\/10\/GasteizJangelak1-560x420.jpeg 560w, https:\/\/www.lab.eus\/wp-content\/uploads\/2020\/10\/GasteizJangelak1-80x60.jpeg 80w, https:\/\/www.lab.eus\/wp-content\/uploads\/2020\/10\/GasteizJangelak1-265x198.jpeg 265w, https:\/\/www.lab.eus\/wp-content\/uploads\/2020\/10\/GasteizJangelak1.jpeg 1280w\" sizes=\"auto, (max-width: 1024px) 100vw, 1024px\" \/><figcaption>Protesta en Gasteiz.<\/figcaption><\/figure>\n\n\n\n<p>Las convocatorias de huelga han sido necesarias para que el Gobierno Vasco llamar\u00e1 a una reuni\u00f3n, se\u00f1al de que pelear merece la pena: \u00abPero no nos equivoquemos. La convocatoria de huelga no ten\u00eda como fin \u00faltimo conseguir una reuni\u00f3n. Nos tienen que recibir, s\u00ed, pero nos tienen que escuchar. Nuestras necesidades, nuestras reivindicaciones, se tienen que tener en cuenta. Queremos unos servicios seguros y acordados, porque lo hemos dicho y lo vamos a repetir: el mantenimiento del servicio, del empleo y de las condiciones laborales no est\u00e1n re\u00f1idas con la seguridad, tan solo depende de voluntad y decisi\u00f3n pol\u00edtica. Se ha de poner la salud, el empleo y las necesidades de las personas en el centro, por encima de beneficios o costes&nbsp;&nbsp;presupuestarios. Exigimos el respeto que el colectivo de trabajadoras subcontratadas en los servicios de comedores escolares de los centros p\u00fablicos, privados y concertados nos merecemos, con unas medidas negociadas, no impuestas\u00bb.<\/p>\n","protected":false},"excerpt":{"rendered":"<p>Las y los trabajadores de los comedores escolares de la CAV han realizado hoy la primera de las tres jornadas de huelga convocadas, al tiempo que han llevado a cabo movilizaciones en las capitales: sendas concentraciones en Gasteiz y Donostia y una manifestaci\u00f3n en Bilbo, a convocatoria de LAB, ELA, CCOO y UGT.<\/p>\n","protected":false},"author":1189,"featured_media":28310,"comment_status":"closed","ping_status":"closed","sticky":false,"template":"","format":"standard","meta":{"_monsterinsights_skip_tracking":false,"_monsterinsights_sitenote_active":false,"_monsterinsights_sitenote_note":"","_monsterinsights_sitenote_category":0,"footnotes":"","_links_to":"","_links_to_target":""},"categories":[3058,33,8,6],"tags":[3194,3172,3171],"class_list":{"0":"post-28303","1":"post","2":"type-post","3":"status-publish","4":"format-standard","5":"has-post-thumbnail","7":"category-cocinas-y-limpieza","8":"category-es-ensenanza","9":"category-es-servicios-privados","10":"category-es-servicios-publicos","11":"tag-ensenanza-es","12":"tag-servicios-privados-es","13":"tag-servicios-publicos-es"},"_links":{"self":[{"href":"https:\/\/www.lab.eus\/es\/wp-json\/wp\/v2\/posts\/28303","targetHints":{"allow":["GET"]}}],"collection":[{"href":"https:\/\/www.lab.eus\/es\/wp-json\/wp\/v2\/posts"}],"about":[{"href":"https:\/\/www.lab.eus\/es\/wp-json\/wp\/v2\/types\/post"}],"author":[{"embeddable":true,"href":"https:\/\/www.lab.eus\/es\/wp-json\/wp\/v2\/users\/1189"}],"replies":[{"embeddable":true,"href":"https:\/\/www.lab.eus\/es\/wp-json\/wp\/v2\/comments?post=28303"}],"version-history":[{"count":0,"href":"https:\/\/www.lab.eus\/es\/wp-json\/wp\/v2\/posts\/28303\/revisions"}],"wp:featuredmedia":[{"embeddable":true,"href":"https:\/\/www.lab.eus\/es\/wp-json\/wp\/v2\/media\/28310"}],"wp:attachment":[{"href":"https:\/\/www.lab.eus\/es\/wp-json\/wp\/v2\/media?parent=28303"}],"wp:term":[{"taxonomy":"category","embeddable":true,"href":"https:\/\/www.lab.eus\/es\/wp-json\/wp\/v2\/categories?post=28303"},{"taxonomy":"post_tag","embeddable":true,"href":"https:\/\/www.lab.eus\/es\/wp-json\/wp\/v2\/tags?post=28303"}],"curies":[{"name":"wp","href":"https:\/\/api.w.org\/{rel}","templated":true}]}}