{"id":2585,"date":"2013-09-26T16:43:16","date_gmt":"2013-09-26T16:43:16","guid":{"rendered":"https:\/\/www.lab.eus\/aclaracion-de-lab-en-relacion-a-las-ultimas-informaciones-difundidas-sobre-la-negociacion-del-convenio-de-limpieza-de-gipuzkoa\/"},"modified":"2013-09-26T16:43:16","modified_gmt":"2013-09-26T16:43:16","slug":"aclaracion-de-lab-en-relacion-a-las-ultimas-informaciones-difundidas-sobre-la-negociacion-del-convenio-de-limpieza-de-gipuzkoa","status":"publish","type":"post","link":"https:\/\/www.lab.eus\/es\/aclaracion-de-lab-en-relacion-a-las-ultimas-informaciones-difundidas-sobre-la-negociacion-del-convenio-de-limpieza-de-gipuzkoa\/","title":{"rendered":"Aclaraci\u00f3n de LAB en relaci\u00f3n a las \u00faltimas informaciones difundidas sobre la Negociaci\u00f3n del Convenio de Limpieza de Gipuzkoa"},"content":{"rendered":"<p>Ayer, 25 de septiembre, sali&oacute; publicada en diversos medios escritos una nota de prensa en nombre de los sindicatos CCOO, UGT, LAB y ESK y desde&nbsp;LAB queremos aclarar que la propuesta a la que se hace referencia en dicha nota no es solo una propuesta salarial, como en la misma se ha reflejado, sino que ese incremento salarial es solo una parte de dicha propuesta, estando condicionada a los otros dos puntos incluidos en la misma.&nbsp;<br \/>  <!--more-->  <\/p>\n<p> <f><\/f> <\/p>\n<div style=\"padding-right:15px;width:345px; float:left; border-right-style:solid; border-right-width:1px; border-right-color:#dddddd\">Esos otros dos puntos son el logro de una ultractividad indefinida, as&iacute; como la necesidad de que para cualquier descuelgue que se pueda dar en la empresa, sea necesario y obligatorio el acuerdo entre las partes, incluy&eacute;ndose la necesidad de acuerdo tambi&eacute;n para acudir tanto a la Comisi&oacute;n Consultiva de convenios, como al &oacute;rgano auton&oacute;mico que se pueda crear a tal efecto.<\/p>\n<p> Por tanto la propuesta salarial no puede ser tratada de forma individual, estando la misma condicionada al logro de las otras dos reivindicaciones antes se&ntilde;aladas.<\/p>\n<p> En LAB desconocemos cu&aacute;l es la raz&oacute;n de que a los medios de comunicaci&oacute;n les haya sido remitida la propuesta de forma sesgada, pero si la misma ha sido la de presionar a esta central sindical para que asuma solo una parte de dicha propuesta, queremos denunciar a quien lo haya hecho, y remarcarle que LAB realiz&oacute; dicha propuesta como un todo, y que por tanto es indivisible y condicionada en cada uno de sus puntos.<\/p>\n<p> Adem&aacute;s, como LAB, queremos dirigirnos a las partes que ostentan la mayor&iacute;a de representaci&oacute;n en las mesas, y se&ntilde;alarle por un lado a la patronal ASPEL que tenga en cuenta las demandas de las trabajadoras y sindicatos, as&iacute; como de la amplia mayor&iacute;a de la sociedad de este pa&iacute;s, y se avenga a negociar un convenio donde se neutralicen los efectos de la reforma espa&ntilde;ola. Por otro lado exigir a ELA que, de forma sincera y responsable, y teniendo en cuenta la opini&oacute;n mayoritaria de las trabajadoras del sector, se sume a la defensa de los convenios de sectoriales provinciales, en concreto del convenio de limpieza de Gipuzkoa, ya que esta es la &uacute;nica herramienta que garantiza unas condiciones b&aacute;sicas para todas las trabajadoras del sector, siendo tambi&eacute;n un marco totalmente v&aacute;lido para blindar a dicho sector de la reforma. El &aacute;mbito de negociaci&oacute;n de empresa es un marco complementario al sectorial pero no puede sustituirlo. <br \/> &nbsp;&nbsp;<\/div>\n<div style=\"width:180px; float:left; padding-left:15px;\"><span style=\"font-family: Swift; \"><span style=\"color: rgb(0, 51, 0); \"><span style=\"font-size: medium; \">LAB sarean<br \/> <\/span><\/span><\/span>{module[111]}<br \/> <font class=\"Apple-style-span\" face=\"'Lucida Grande'\"><span class=\"Apple-style-span\" style=\"font-size: 11px;\"><br \/> <\/span><\/font> <\/div>\n<p> &nbsp; &nbsp; &nbsp; &nbsp;<\/p>\n","protected":false},"excerpt":{"rendered":"<p>Ayer, 25 de septiembre, sali&oacute; publicada en diversos medios escritos una nota de prensa en nombre de los sindicatos CCOO, UGT, LAB y ESK y desde&nbsp;LAB queremos aclarar que la propuesta a la que se hace referencia en dicha nota no es solo una propuesta salarial, como en la misma se ha reflejado, sino que [&hellip;]<\/p>\n","protected":false},"author":1,"featured_media":0,"comment_status":"open","ping_status":"open","sticky":false,"template":"","format":"standard","meta":{"_monsterinsights_skip_tracking":false,"_monsterinsights_sitenote_active":false,"_monsterinsights_sitenote_note":"","_monsterinsights_sitenote_category":0,"footnotes":"","_links_to":"","_links_to_target":""},"categories":[125],"tags":[],"class_list":{"0":"post-2585","1":"post","2":"type-post","3":"status-publish","4":"format-standard","6":"category-garbiketa"},"_links":{"self":[{"href":"https:\/\/www.lab.eus\/es\/wp-json\/wp\/v2\/posts\/2585","targetHints":{"allow":["GET"]}}],"collection":[{"href":"https:\/\/www.lab.eus\/es\/wp-json\/wp\/v2\/posts"}],"about":[{"href":"https:\/\/www.lab.eus\/es\/wp-json\/wp\/v2\/types\/post"}],"author":[{"embeddable":true,"href":"https:\/\/www.lab.eus\/es\/wp-json\/wp\/v2\/users\/1"}],"replies":[{"embeddable":true,"href":"https:\/\/www.lab.eus\/es\/wp-json\/wp\/v2\/comments?post=2585"}],"version-history":[{"count":0,"href":"https:\/\/www.lab.eus\/es\/wp-json\/wp\/v2\/posts\/2585\/revisions"}],"wp:attachment":[{"href":"https:\/\/www.lab.eus\/es\/wp-json\/wp\/v2\/media?parent=2585"}],"wp:term":[{"taxonomy":"category","embeddable":true,"href":"https:\/\/www.lab.eus\/es\/wp-json\/wp\/v2\/categories?post=2585"},{"taxonomy":"post_tag","embeddable":true,"href":"https:\/\/www.lab.eus\/es\/wp-json\/wp\/v2\/tags?post=2585"}],"curies":[{"name":"wp","href":"https:\/\/api.w.org\/{rel}","templated":true}]}}