{"id":25314,"date":"2020-10-13T10:11:58","date_gmt":"2020-10-13T10:11:58","guid":{"rendered":"https:\/\/www.lab.eus\/?p=25314"},"modified":"2020-10-13T10:12:49","modified_gmt":"2020-10-13T10:12:49","slug":"no-aceptaremos-que-sigan-utilizando-eitb-como-herramienta-de-propaganda-del-pnv","status":"publish","type":"post","link":"https:\/\/www.lab.eus\/es\/no-aceptaremos-que-sigan-utilizando-eitb-como-herramienta-de-propaganda-del-pnv\/","title":{"rendered":"No aceptaremos que sigan utilizando EiTB como herramienta de propaganda del PNV"},"content":{"rendered":"\n<p>Al hilo del nombramiento del nuevo director Andoni Aldekoa, la secci\u00f3n sindical de LAB en EiTB ha hecho p\u00fablica su valoraci\u00f3n al respecto. Hasta ahora hemos visto a directores de EiTB dar el salto a Sabin Etxea o el Gobierno Vasco, pero ahora el cambio ser\u00e1 en sentido contrario: el PNV pondr\u00e1 a un miembro del partido en la direcci\u00f3n de ETB, sin ning\u00fan tipo de disimulo ni verg\u00fcenza. Es una decisi\u00f3n escandalosa e inaceptable en un medio p\u00fablico.<\/p>\n\n\n\n<p>Andoni Aldekoa de la Torre fue asesor del alcalde de Bilbao I\u00f1aki Azkuna a lo largo de 16 a\u00f1os y director de Comunicaci\u00f3n de la Lehendakaritza de I\u00f1igo Urkullo en 2015 y 2017. Nombr\u00e1ndo a Aldekoa director de EiTB, se muestra de forma clara la intenci\u00f3n del PNV: quiere incrementar el control pol\u00edtico en EiTB, para continuar en la profundizaci\u00f3n de medio gubernamental del medio p\u00fablico para situarlo en beneficio de intereses partidistas.<\/p>\n\n\n\n<p>No aceptaremos que EiTB siga siendo utilizada como herramienta de propaganda del PNV. No aceptaremos que ETB, Eusko Irratia y eitb.eus sean el NO-DO del Gobierno Vasco.<\/p>\n\n\n\n<p>EiTB debe garantizar la objetividad, la profesionalidad, la pluralidad y la neutralidad pol\u00edtica. Del mismo modo, en la medida en que es un medio p\u00fablico, debe estar al servicio de la ciudadan\u00eda de Euskal Herria, y no al servicio del PNV o el Gobierno Vasco. El objetivo de EiTB debe ser informar con profesionalidad y objetividad a la ciudadan\u00eda de Euskal Herria, con pluralidad y neutralidad, y no otra cosa.<\/p>\n\n\n\n<p>Adem\u00e1s, este nombramiento demuestra que es urgente consensuar entre diferentes agentes un nuevo procedimiento para elegir el cargo de director o directora de EiTB, que por supuesto, deber\u00eda ser absolutamente transparente. El nuevo director de EiTB no se puede decidir en Sabin Etxea.<\/p>\n\n\n\n<p>Adem\u00e1s, consideramos que la persona que ocupe el cargo de director de EITB debe ser euskaldun; esto es, debe tener la capacidad de hablar en euskara en su lugar de trabajo y en cualquier comparecencia p\u00fablica. Por otro lado, entre los objetivos de EiTB, se encuentran, adem\u00e1s de la informaci\u00f3n, fomentar la cultura vasca y el propio euskara. Viendo el perfil del nuevo director nombrado por el PNV, indica de forma clara que estos dos \u00faltimos objetivos quedan en un segundo plano.<\/p>\n\n\n\n<p>En esta grave situaci\u00f3n sanitaria, con una grave crisis socio-econ\u00f3mica y ante un complejo proceso de fusi\u00f3n de empresas de EiTB, el PNV ha situado a un comisario pol\u00edtico en el cargo de director de EiTB. Vienen tiempos dif\u00edciles y oscuros al medio p\u00fablico.<\/p>\n","protected":false},"excerpt":{"rendered":"<p>Al hilo del nombramiento del nuevo director Andoni Aldekoa, la secci\u00f3n sindical de LAB en EiTB ha hecho p\u00fablica su valoraci\u00f3n al respecto. Hasta ahora hemos visto a directores de EiTB dar el salto a Sabin Etxea o el Gobierno Vasco, pero ahora el cambio ser\u00e1 en sentido contrario: el PNV pondr\u00e1 a un miembro del partido en la direcci\u00f3n de ETB, sin ning\u00fan tipo de disimulo ni verg\u00fcenza. Es una decisi\u00f3n escandalosa e inaceptable en un medio p\u00fablico.<\/p>\n","protected":false},"author":1189,"featured_media":25310,"comment_status":"closed","ping_status":"closed","sticky":false,"template":"","format":"standard","meta":{"_monsterinsights_skip_tracking":false,"_monsterinsights_sitenote_active":false,"_monsterinsights_sitenote_note":"","_monsterinsights_sitenote_category":0,"footnotes":"","_links_to":"","_links_to_target":""},"categories":[83,6],"tags":[3171],"class_list":{"0":"post-25314","1":"post","2":"type-post","3":"status-publish","4":"format-standard","5":"has-post-thumbnail","7":"category-es-medios-de-comunicacion-es-servicios-publicos","8":"category-es-servicios-publicos","9":"tag-servicios-publicos-es"},"_links":{"self":[{"href":"https:\/\/www.lab.eus\/es\/wp-json\/wp\/v2\/posts\/25314","targetHints":{"allow":["GET"]}}],"collection":[{"href":"https:\/\/www.lab.eus\/es\/wp-json\/wp\/v2\/posts"}],"about":[{"href":"https:\/\/www.lab.eus\/es\/wp-json\/wp\/v2\/types\/post"}],"author":[{"embeddable":true,"href":"https:\/\/www.lab.eus\/es\/wp-json\/wp\/v2\/users\/1189"}],"replies":[{"embeddable":true,"href":"https:\/\/www.lab.eus\/es\/wp-json\/wp\/v2\/comments?post=25314"}],"version-history":[{"count":0,"href":"https:\/\/www.lab.eus\/es\/wp-json\/wp\/v2\/posts\/25314\/revisions"}],"wp:featuredmedia":[{"embeddable":true,"href":"https:\/\/www.lab.eus\/es\/wp-json\/wp\/v2\/media\/25310"}],"wp:attachment":[{"href":"https:\/\/www.lab.eus\/es\/wp-json\/wp\/v2\/media?parent=25314"}],"wp:term":[{"taxonomy":"category","embeddable":true,"href":"https:\/\/www.lab.eus\/es\/wp-json\/wp\/v2\/categories?post=25314"},{"taxonomy":"post_tag","embeddable":true,"href":"https:\/\/www.lab.eus\/es\/wp-json\/wp\/v2\/tags?post=25314"}],"curies":[{"name":"wp","href":"https:\/\/api.w.org\/{rel}","templated":true}]}}