{"id":25215,"date":"2020-10-12T08:33:04","date_gmt":"2020-10-12T08:33:04","guid":{"rendered":"https:\/\/www.lab.eus\/?p=25215"},"modified":"2020-10-12T09:31:50","modified_gmt":"2020-10-12T09:31:50","slug":"hemos-logrado-la-retirada-del-erte-de-cementos-rezola","status":"publish","type":"post","link":"https:\/\/www.lab.eus\/es\/hemos-logrado-la-retirada-del-erte-de-cementos-rezola\/","title":{"rendered":"Hemos logrado la retirada del ERTE de Cementos Rezola"},"content":{"rendered":"\n<p>LAB ha alcanzado un acuerdo por el que se retira el ERTE que se aplicaba en Cementos Rezola desde abril, mismo d\u00eda en el que se iba a celebrar el juicio en la Audiencia Nacional. En dicho juicio se iba a dilucidar si el ERTE que se lleva aplicando desde abril es legal. Todos y todas las trabajadoras se reincorporan a sus puestos de trabajo.<\/p>\n\n\n\n<p>Cementos Rezola llevaba aplicando un ERTE desde abril de 2020 para sus 324 trabajadores y trabajadoras (106 en A\u00f1orga, 94 en Arrigorriaga y 114 en Malaga). En opini\u00f3n de LAB el ERTE no ten\u00eda fundamento alguno y respond\u00eda a la facilidad con la que se pueden tramitar ERTEs debido a la pandemia del covid. Por ello, LAB denunci\u00f3 en solitario el ERTE en los juzgados por injusto.<\/p>\n\n\n\n<p>Durante la aplicaci\u00f3n del ERTE, Cementos Rezola trat\u00f3 de realizar trabajos propios que desempe\u00f1aban personas que estaban en ERTE mediante personal subcontratado. Durante meses se realizaron movilizaciones y paros para denunciar este hecho y exigir la retirada del ERTE.<\/p>\n\n\n\n<p>Ahora LAB ha conseguido con la direcci\u00f3n de Cementos Rezola el siguiente acuerdo a cambio de no celebrar el juicio que se iba a celebrar en la Audiencia Nacional:<\/p>\n\n\n\n<p>\u2022 Se ha retirado el ERTE de las plantas de Cementos Rezola A\u00f1orga, Arrigorriaga y Malaga, lo que supone que todas las personas que segu\u00edan en sus casa en regulaci\u00f3n se reincorporan a su puesto de trabajo.<\/p>\n\n\n\n<p>\u2022 Se ha fijado una compensaci\u00f3n para paliar la merma de su salario que han sufrido los y las trabajadoras que han estado en ERTE.<\/p>\n\n\n\n<p>Adem\u00e1s, la multinacional Heidelberg Cement Group va a aplicar a todos los y las trabajadoras de las 8 plantas que posee en el Estado Espa\u00f1ol el acuerdo alcanzado.<\/p>\n\n\n\n<p>La lucha de los y las trabajadores para hacer frente al ERTE y el trabajo jur\u00eddico realizado por LAB frente a los abusos de la direcci\u00f3n de la empresa han posibilitado este acuerdo. Una gran victoria en defensa de los derechos laborables de todos y todas las trabajadoras de Cementos Rezola.<\/p>\n","protected":false},"excerpt":{"rendered":"<p>LAB ha alcanzado un acuerdo por el que se retira el ERTE que se aplicaba en Cementos Rezola desde abril, mismo d\u00eda en el que se iba a celebrar el juicio en la Audiencia Nacional. En dicho juicio se iba a dilucidar si el ERTE que se lleva aplicando desde abril es legal. Todos y todas las trabajadoras se reincorporan a sus puestos de trabajo.<\/p>\n","protected":false},"author":1189,"featured_media":25213,"comment_status":"closed","ping_status":"closed","sticky":false,"template":"","format":"standard","meta":{"_monsterinsights_skip_tracking":false,"_monsterinsights_sitenote_active":false,"_monsterinsights_sitenote_note":"","_monsterinsights_sitenote_category":0,"footnotes":"","_links_to":"","_links_to_target":""},"categories":[2868,98],"tags":[3178,2996,3265],"class_list":{"0":"post-25215","1":"post","2":"type-post","3":"status-publish","4":"format-standard","5":"has-post-thumbnail","7":"category-industria-es","8":"category-es-industria-quimica","9":"tag-destacado-1","10":"tag-industria-es","11":"tag-industria-quimica-es"},"_links":{"self":[{"href":"https:\/\/www.lab.eus\/es\/wp-json\/wp\/v2\/posts\/25215","targetHints":{"allow":["GET"]}}],"collection":[{"href":"https:\/\/www.lab.eus\/es\/wp-json\/wp\/v2\/posts"}],"about":[{"href":"https:\/\/www.lab.eus\/es\/wp-json\/wp\/v2\/types\/post"}],"author":[{"embeddable":true,"href":"https:\/\/www.lab.eus\/es\/wp-json\/wp\/v2\/users\/1189"}],"replies":[{"embeddable":true,"href":"https:\/\/www.lab.eus\/es\/wp-json\/wp\/v2\/comments?post=25215"}],"version-history":[{"count":0,"href":"https:\/\/www.lab.eus\/es\/wp-json\/wp\/v2\/posts\/25215\/revisions"}],"wp:featuredmedia":[{"embeddable":true,"href":"https:\/\/www.lab.eus\/es\/wp-json\/wp\/v2\/media\/25213"}],"wp:attachment":[{"href":"https:\/\/www.lab.eus\/es\/wp-json\/wp\/v2\/media?parent=25215"}],"wp:term":[{"taxonomy":"category","embeddable":true,"href":"https:\/\/www.lab.eus\/es\/wp-json\/wp\/v2\/categories?post=25215"},{"taxonomy":"post_tag","embeddable":true,"href":"https:\/\/www.lab.eus\/es\/wp-json\/wp\/v2\/tags?post=25215"}],"curies":[{"name":"wp","href":"https:\/\/api.w.org\/{rel}","templated":true}]}}