{"id":24902,"date":"2020-09-25T14:59:00","date_gmt":"2020-09-25T14:59:00","guid":{"rendered":"https:\/\/www.lab.eus\/?p=24902"},"modified":"2020-09-27T15:03:22","modified_gmt":"2020-09-27T15:03:22","slug":"hemos-presentado-una-denuncia-contra-reiner-e-hijos-sl-en-inspeccion-de-trabajo-por-irregularidades-durante-el-erte","status":"publish","type":"post","link":"https:\/\/www.lab.eus\/es\/hemos-presentado-una-denuncia-contra-reiner-e-hijos-sl-en-inspeccion-de-trabajo-por-irregularidades-durante-el-erte\/","title":{"rendered":"Hemos presentado una denuncia contra Reiner e Hijos SL en Inspecci\u00f3n de Trabajo por irregularidades durante el ERTE"},"content":{"rendered":"\n<p><em>Con la llegada de la pandemia del COVID-19 la empresa Reiner e Hijos SL, situada en Itziar, solicit\u00f3 un ERTE alegando razones de fuerza mayor y seguidamente, al finalizar el estado de alarma decretado en el estado espa\u00f1ol, otro por razones de productividad. Proporcion\u00f3 a los trabajadores y trabajadoras muy poca informaci\u00f3n durante el proceso.<br><br><\/em>Cabe recordar que a la hora de aplicar ERTEs, a las empresas se les han ofrecido varias ayudas econ\u00f3micas, pero tambi\u00e9n algunas condiciones que consideramos que esta empresa no ha cumplido. Para ser exactas, a pesar de que celebrar contrataciones externas (subcontratar) no est\u00e1 permitido mientras dure la aplicaci\u00f3n de los ERTEs, Reiner e Hijos SL ha subcontratado otra empresa para realizar las mismas funciones que realizaban varios trabajadores y trabajadoras de la plantilla al tiempo que manten\u00eda a estos \u00faltimos con sus contratos en suspensi\u00f3n.<\/p>\n\n\n\n<p>Desde LAB no podemos permitir que no se respeten los derechos de los trabajadores y trabajadoras, m\u00e1s a\u00fan cuando a las empresas se les ofrecen exoneraciones y a los trabajadores y trabajadoras les paga su sueldo el SEPE.<\/p>\n","protected":false},"excerpt":{"rendered":"<p>Con la llegada de la pandemia del COVID-19 la empresa Reiner e Hijos SL, situada en Itziar, solicit\u00f3 un ERTE alegando razones de fuerza mayor y seguidamente, al finalizar el estado de alarma decretado en el estado espa\u00f1ol, otro por razones de productividad. Proporcion\u00f3 a los trabajadores y trabajadoras muy poca informaci\u00f3n durante el proceso.<\/p>\n","protected":false},"author":1,"featured_media":0,"comment_status":"closed","ping_status":"open","sticky":false,"template":"","format":"standard","meta":{"_monsterinsights_skip_tracking":false,"_monsterinsights_sitenote_active":false,"_monsterinsights_sitenote_note":"","_monsterinsights_sitenote_category":0,"footnotes":"","_links_to":"","_links_to_target":""},"categories":[98],"tags":[2996,3265],"class_list":{"0":"post-24902","1":"post","2":"type-post","3":"status-publish","4":"format-standard","6":"category-es-industria-quimica","7":"tag-industria-es","8":"tag-industria-quimica-es"},"_links":{"self":[{"href":"https:\/\/www.lab.eus\/es\/wp-json\/wp\/v2\/posts\/24902","targetHints":{"allow":["GET"]}}],"collection":[{"href":"https:\/\/www.lab.eus\/es\/wp-json\/wp\/v2\/posts"}],"about":[{"href":"https:\/\/www.lab.eus\/es\/wp-json\/wp\/v2\/types\/post"}],"author":[{"embeddable":true,"href":"https:\/\/www.lab.eus\/es\/wp-json\/wp\/v2\/users\/1"}],"replies":[{"embeddable":true,"href":"https:\/\/www.lab.eus\/es\/wp-json\/wp\/v2\/comments?post=24902"}],"version-history":[{"count":0,"href":"https:\/\/www.lab.eus\/es\/wp-json\/wp\/v2\/posts\/24902\/revisions"}],"wp:attachment":[{"href":"https:\/\/www.lab.eus\/es\/wp-json\/wp\/v2\/media?parent=24902"}],"wp:term":[{"taxonomy":"category","embeddable":true,"href":"https:\/\/www.lab.eus\/es\/wp-json\/wp\/v2\/categories?post=24902"},{"taxonomy":"post_tag","embeddable":true,"href":"https:\/\/www.lab.eus\/es\/wp-json\/wp\/v2\/tags?post=24902"}],"curies":[{"name":"wp","href":"https:\/\/api.w.org\/{rel}","templated":true}]}}