{"id":24859,"date":"2020-09-21T11:48:00","date_gmt":"2020-09-21T11:48:00","guid":{"rendered":"https:\/\/www.lab.eus\/?p=24859"},"modified":"2020-09-23T11:49:24","modified_gmt":"2020-09-23T11:49:24","slug":"hemos-reclamado-a-idoia-mendia-que-el-gobierno-de-gasteiz-no-defienda-las-tesis-de-la-patronal","status":"publish","type":"post","link":"https:\/\/www.lab.eus\/es\/hemos-reclamado-a-idoia-mendia-que-el-gobierno-de-gasteiz-no-defienda-las-tesis-de-la-patronal\/","title":{"rendered":"Hemos reclamado a Idoia Mendia que el Gobierno de Gasteiz no defienda las tesis de la patronal"},"content":{"rendered":"\n<p><em>La secretaria general de LAB Garbi\u00f1e Aranburu y el secretario de Acci\u00f3n Sindical y Negociaci\u00f3n Colectiva Xabier Ugartemendia se han reunido hoy en Gasteiz con la nueva consejera de Empleo Idoia Mendia. Tras la reuni\u00f3n, Aranburu ha reiterado la idea de que LAB no est\u00e1 para reconstruir el sistema capitalista. \u201cNuestra apuesta es transitar hacia otro modelo. Necesitamos una transici\u00f3n ecosocialista y feminista\u201d. En ese tr\u00e1nsito hacia otro modelo, hemos hecho propuestas en 4 bloques principales: empleo, servicios p\u00fablicos, protecci\u00f3n social y fiscalidad.<br><br><\/em>Les hemos trasladado la propuesta de LAB para un Plan de Empleo integral. Un plan que pasa por derogar las reformas laborales y con medidas concretas para frenar la destrucci\u00f3n de empleo y para diginificar el empleo. Le hemos interpelado para que adopten una postura clara en contra de las tesis patronales que ahora nos quieren llevar e tener que elegir entre salarios o empleo. Para mantener el empleo no hay que bajar salarios.<\/p>\n\n\n\n<p>Hemos planteado la necesidad de reforzar los servicios p\u00fablicos, empezando por dar respuesta a las demandas de las y los trabajadores que se est\u00e1n movilizando en educaci\u00f3n, sanidad y de las subcontratas. Es prioritario tambi\u00e9n dar respuesta a grave situaci\u00f3n que se vive en las residencias. Esto pasa por contratar m\u00e1s personal y rebajar los ratios, publificar servicios que han sido privatizados, en defnitiva una mayor inversi\u00f3n. Algo que se deber\u00eda de ver reflejado en los presupuestos<\/p>\n\n\n\n<p>Est\u00e1 pendiente la reforma de la RGI y hemos planteado que se tienen que revertir los recortes de los \u00faltimos a\u00f1os y ampliar el sistema de cobertura en todos los \u00e1mbitos de la protecci\u00f3n social.<\/p>\n\n\n\n<p>Tambi\u00e9n hay que hablar de fiscalidad. Les hemos dado nuestra propuesta a las y los representantes de la consejer\u00eda de Empleo. Una propuesta que plantea 4 medidas para recaudar m\u00e1s y hacerlo de manera m\u00e1s progresiva.<\/p>\n\n\n\n<p>Aranburu ha a\u00f1adido, \u201cla conclusi\u00f3n que sacamos de la reuni\u00f3n es que poco o nada va a cambiar\u201d. Por un lado, ha indicado que no vemos cambios en la orientaci\u00f3n de las pol\u00edticas p\u00fablicas, el t\u00e1ndem formado por Gobierno Vasco y CONFEBASK va a seguir funcionando. Adem\u00e1s, ha se\u00f1alado que \u201cla Consejer\u00eda de Trabajo y Empleo ser\u00e1 una sucursal de Madrid. Para hacer pol\u00edticas que garanticen una vida digna a la ciudadania, hay que decidir en cuestiones troncales como las relaciones laborales o protecci\u00f3n social. Pero no hay voluntad pol\u00edtica para avanzar hacia un marco propio de relaciones laborales y protecci\u00f3n social.<\/p>\n\n\n\n<p>Para finalizar, ha a\u00f1adido que quieren seguir gobernando sin tener en cuenta las demandas de la mayor\u00eda de las y los trabajadores, apuesta clara por mantener el marco de di\u00e1logo social. \u201cHemos planteado nuestra disposici\u00f3n a hablar sobre las cuestiones que hemos propuesto, pero la mesa del di\u00e1logo social no es un marco adecuado. Se trata de un marco vac\u00edo de contenido y sin respetar las mayor\u00edas sindicales. Nos reiteramos en nuestra posici\u00f3n de no participar en esa farsa de di\u00e1logo social\u201d.<\/p>\n","protected":false},"excerpt":{"rendered":"<p>La secretaria general de LAB Garbi\u00f1e Aranburu y el secretario de Acci\u00f3n Sindical y Negociaci\u00f3n Colectiva Xabier Ugartemendia se han reunido hoy en Gasteiz con la nueva consejera de Empleo Idoia Mendia. Tras la reuni\u00f3n, Aranburu ha reiterado la idea de que LAB no est\u00e1 para reconstruir el sistema capitalista. \u201cNuestra apuesta es transitar hacia otro modelo. Necesitamos una transici\u00f3n ecosocialista y feminista\u201d. En ese tr\u00e1nsito hacia otro modelo, hemos hecho propuestas en 4 bloques principales: empleo, servicios p\u00fablicos, protecci\u00f3n social y fiscalidad.<\/p>\n","protected":false},"author":1,"featured_media":24857,"comment_status":"closed","ping_status":"open","sticky":false,"template":"","format":"standard","meta":{"_monsterinsights_skip_tracking":false,"_monsterinsights_sitenote_active":false,"_monsterinsights_sitenote_note":"","_monsterinsights_sitenote_category":0,"footnotes":"","_links_to":"","_links_to_target":""},"categories":[11],"tags":[3180,3258,3209,3260],"class_list":{"0":"post-24859","1":"post","2":"type-post","3":"status-publish","4":"format-standard","5":"has-post-thumbnail","7":"category-es-sindicato-lab","8":"tag-destacado-3","9":"tag-gobierno-de-gasteiz","10":"tag-idoia-mendia-es","11":"tag-sindicato-lab-es"},"_links":{"self":[{"href":"https:\/\/www.lab.eus\/es\/wp-json\/wp\/v2\/posts\/24859","targetHints":{"allow":["GET"]}}],"collection":[{"href":"https:\/\/www.lab.eus\/es\/wp-json\/wp\/v2\/posts"}],"about":[{"href":"https:\/\/www.lab.eus\/es\/wp-json\/wp\/v2\/types\/post"}],"author":[{"embeddable":true,"href":"https:\/\/www.lab.eus\/es\/wp-json\/wp\/v2\/users\/1"}],"replies":[{"embeddable":true,"href":"https:\/\/www.lab.eus\/es\/wp-json\/wp\/v2\/comments?post=24859"}],"version-history":[{"count":0,"href":"https:\/\/www.lab.eus\/es\/wp-json\/wp\/v2\/posts\/24859\/revisions"}],"wp:featuredmedia":[{"embeddable":true,"href":"https:\/\/www.lab.eus\/es\/wp-json\/wp\/v2\/media\/24857"}],"wp:attachment":[{"href":"https:\/\/www.lab.eus\/es\/wp-json\/wp\/v2\/media?parent=24859"}],"wp:term":[{"taxonomy":"category","embeddable":true,"href":"https:\/\/www.lab.eus\/es\/wp-json\/wp\/v2\/categories?post=24859"},{"taxonomy":"post_tag","embeddable":true,"href":"https:\/\/www.lab.eus\/es\/wp-json\/wp\/v2\/tags?post=24859"}],"curies":[{"name":"wp","href":"https:\/\/api.w.org\/{rel}","templated":true}]}}