{"id":24830,"date":"2020-09-17T08:15:00","date_gmt":"2020-09-17T08:15:00","guid":{"rendered":"https:\/\/www.lab.eus\/?p=24830"},"modified":"2020-09-23T08:16:32","modified_gmt":"2020-09-23T08:16:32","slug":"los-sindicatos-nos-sumamos-manana-a-la-iniciativa-izan-bidea-para-exigir-una-nueva-politica-penitenciaria","status":"publish","type":"post","link":"https:\/\/www.lab.eus\/es\/los-sindicatos-nos-sumamos-manana-a-la-iniciativa-izan-bidea-para-exigir-una-nueva-politica-penitenciaria\/","title":{"rendered":"Los sindicatos nos sumamos ma\u00f1ana a la iniciativa Izan Bidea para exigir una nueva pol\u00edtica penitenciaria"},"content":{"rendered":"\n<p><em>Los sindicatos LAB, ELA, UGT, ESK, STEILAS, CGT\/LKN, CNT, EHNE, HIRU y ETXALDE informamos de la reanudaci\u00f3n de las movilizaciones mensuales en Bilbo a favor de una nueva pol\u00edtica penitenciaria que busque la reintegraci\u00f3n en la sociedad de todos los presos y presas vascas en un plazo de tiempo razonable.<\/em><\/p>\n\n\n\n<p>Reclamamos la adopci\u00f3n urgente de las siguientes medidas: acercamiento de todas y todos los presos vascos a prisiones de Euskal Herria; excarcelaci\u00f3n inmediata de los y las presas enfermas y de edad avanzada; progresi\u00f3n de grados y acceso a los beneficios penitenciarios previstos en la legislaci\u00f3n ordinaria sin ninguna discriminaci\u00f3n; y superaci\u00f3n de toda legislaci\u00f3n de excepci\u00f3n.<\/p>\n\n\n\n<p>Dichas medidas son urgentes y no se pueden demorar m\u00e1s, puesto que la excepcionalidad penitenciaria, adem\u00e1s de conculcar derechos b\u00e1sicos, dificulta los avances por la convivencia democr\u00e1tica y genera m\u00e1s sufrimiento. La muerte de Igor Gonz\u00e1lez Sola es una muestra de ello: un preso con dos intentos de suicidio, que ha cumplido las 3\/4 partes de la condena, deb\u00eda de estar en la calle. La reacci\u00f3n frente a este hecho no se puede limitar a las muestras de condolencia, es necesario que el Gobierno espa\u00f1ol tome medidas de manera inmediata para evitar situaciones tan extremas.<\/p>\n\n\n\n<p>Estas son precisamente las reivindicaciones de la din\u00e1mica denominada Izan Bidea, que busca activar a diferentes agentes y espacios de la sociedad. Los sindicatos convocantes nos sumaremos a dicha din\u00e1mica, caracterizando con el lema mencionado la movilizaci\u00f3n prevista para este viernes.<\/p>\n\n\n\n<p>Adem\u00e1s, con el objetivo de dar un nuevo impulso a estas demandas, la movilizaci\u00f3n de este mes contar\u00e1 con la presencia, entre otros, de la Secretaria General de LAB, Garbi\u00f1e Aranburu, del Secretario General de ELA, Mitxel Lakuntza y del Secretario General de UGT, Ra\u00fal Arza, que ofrecer\u00e1n declaraciones a los medios de comunicaci\u00f3n. La concentraci\u00f3n se realizar\u00e1 ma\u00f1ana viernes, a partir de las 11:30, en la Plaza El\u00edptica de Bilbao.<\/p>\n","protected":false},"excerpt":{"rendered":"<p>Los sindicatos LAB, ELA, UGT, ESK, STEILAS, CGT\/LKN, CNT, EHNE, HIRU y ETXALDE informamos de la reanudaci\u00f3n de las movilizaciones mensuales en Bilbo a favor de una nueva pol\u00edtica penitenciaria que busque la reintegraci\u00f3n en la sociedad de todos los presos y presas vascas en un plazo de tiempo razonable.<\/p>\n","protected":false},"author":1,"featured_media":24828,"comment_status":"closed","ping_status":"open","sticky":false,"template":"","format":"standard","meta":{"_monsterinsights_skip_tracking":false,"_monsterinsights_sitenote_active":false,"_monsterinsights_sitenote_note":"","_monsterinsights_sitenote_category":0,"footnotes":"","_links_to":"","_links_to_target":""},"categories":[3402,3301],"tags":[3224,3229],"class_list":{"0":"post-24830","1":"post","2":"type-post","3":"status-publish","4":"format-standard","5":"has-post-thumbnail","7":"category-accion-politica","8":"category-euskal-herria-es-2","9":"tag-izan-bidea-es","10":"tag-sare-es"},"_links":{"self":[{"href":"https:\/\/www.lab.eus\/es\/wp-json\/wp\/v2\/posts\/24830","targetHints":{"allow":["GET"]}}],"collection":[{"href":"https:\/\/www.lab.eus\/es\/wp-json\/wp\/v2\/posts"}],"about":[{"href":"https:\/\/www.lab.eus\/es\/wp-json\/wp\/v2\/types\/post"}],"author":[{"embeddable":true,"href":"https:\/\/www.lab.eus\/es\/wp-json\/wp\/v2\/users\/1"}],"replies":[{"embeddable":true,"href":"https:\/\/www.lab.eus\/es\/wp-json\/wp\/v2\/comments?post=24830"}],"version-history":[{"count":0,"href":"https:\/\/www.lab.eus\/es\/wp-json\/wp\/v2\/posts\/24830\/revisions"}],"wp:featuredmedia":[{"embeddable":true,"href":"https:\/\/www.lab.eus\/es\/wp-json\/wp\/v2\/media\/24828"}],"wp:attachment":[{"href":"https:\/\/www.lab.eus\/es\/wp-json\/wp\/v2\/media?parent=24830"}],"wp:term":[{"taxonomy":"category","embeddable":true,"href":"https:\/\/www.lab.eus\/es\/wp-json\/wp\/v2\/categories?post=24830"},{"taxonomy":"post_tag","embeddable":true,"href":"https:\/\/www.lab.eus\/es\/wp-json\/wp\/v2\/tags?post=24830"}],"curies":[{"name":"wp","href":"https:\/\/api.w.org\/{rel}","templated":true}]}}