{"id":24541,"date":"2020-09-11T06:08:00","date_gmt":"2020-09-11T06:08:00","guid":{"rendered":"https:\/\/www.lab.eus\/?p=24541"},"modified":"2020-09-17T08:23:58","modified_gmt":"2020-09-17T08:23:58","slug":"ez-dugu-onartzen-gazteen-egoera-prekario-eta-zaurgarriak-beren-etorkizuna-zapuztea","status":"publish","type":"post","link":"https:\/\/www.lab.eus\/es\/ez-dugu-onartzen-gazteen-egoera-prekario-eta-zaurgarriak-beren-etorkizuna-zapuztea\/","title":{"rendered":"Llamamos, junto a Ernai, a movilizarse el 26 de septiembre en Iru\u00f1ea a favor del futuro de la juventud trabajadora"},"content":{"rendered":"\n<p><em><em>Miembros del sindicato LAB y de la organizaci\u00f3n juvenil Ernai han accedido hoy, en Burlada, a la sede de Iturrondo, la Agencia Integral de Empleo y Formaci\u00f3n del Servicio Navarro de Empleo, en Burlada, para interpelar directamente al Gobierno de Navarra para que adopte medidas y pol\u00edticas efectivas para que la juventud tenga un trabajo digno en Navarra. LAB y Ernai tienen establecida una alianza estrat\u00e9gica, \u201cpara tener en cuenta de una manera pr\u00e1ctica las necesidades y preocupaciones de los j\u00f3venes, para dar cauce a sus proyectos y para movilizarse ante las agresiones\u201d. En ese sentido, LAB y Ernai han llamado a participar en la manifestaci\u00f3n que se celebrar\u00e1 en Pamplona el 26 de septiembre.<\/em><\/em><\/p>\n\n\n\n<figure class=\"wp-block-gallery columns-3 is-cropped wp-block-gallery-1 is-layout-flex wp-block-gallery-is-layout-flex\"><ul class=\"blocks-gallery-grid\"><li class=\"blocks-gallery-item\"><figure><img loading=\"lazy\" decoding=\"async\" width=\"1024\" height=\"576\" src=\"https:\/\/www.lab.eus\/wp-content\/uploads\/2020\/09\/Barruan-1024x576.jpg\" alt=\"\" data-id=\"24542\" data-full-url=\"https:\/\/www.lab.eus\/wp-content\/uploads\/2020\/09\/Barruan.jpg\" data-link=\"https:\/\/www.lab.eus\/?attachment_id=24542\" class=\"wp-image-24542\" srcset=\"https:\/\/www.lab.eus\/wp-content\/uploads\/2020\/09\/Barruan-1024x576.jpg 1024w, https:\/\/www.lab.eus\/wp-content\/uploads\/2020\/09\/Barruan-300x169.jpg 300w, https:\/\/www.lab.eus\/wp-content\/uploads\/2020\/09\/Barruan-768x432.jpg 768w, https:\/\/www.lab.eus\/wp-content\/uploads\/2020\/09\/Barruan-150x84.jpg 150w, https:\/\/www.lab.eus\/wp-content\/uploads\/2020\/09\/Barruan-696x392.jpg 696w, https:\/\/www.lab.eus\/wp-content\/uploads\/2020\/09\/Barruan-1068x601.jpg 1068w, https:\/\/www.lab.eus\/wp-content\/uploads\/2020\/09\/Barruan-747x420.jpg 747w, https:\/\/www.lab.eus\/wp-content\/uploads\/2020\/09\/Barruan.jpg 1280w\" sizes=\"auto, (max-width: 1024px) 100vw, 1024px\" \/><figcaption class=\"blocks-gallery-item__caption\">Barruan<\/figcaption><\/figure><\/li><li class=\"blocks-gallery-item\"><figure><img loading=\"lazy\" decoding=\"async\" width=\"1024\" height=\"576\" src=\"https:\/\/www.lab.eus\/wp-content\/uploads\/2020\/09\/Burlata1-1024x576.jpg\" alt=\"\" data-id=\"24543\" data-full-url=\"https:\/\/www.lab.eus\/wp-content\/uploads\/2020\/09\/Burlata1.jpg\" data-link=\"https:\/\/www.lab.eus\/?attachment_id=24543\" class=\"wp-image-24543\" srcset=\"https:\/\/www.lab.eus\/wp-content\/uploads\/2020\/09\/Burlata1-1024x576.jpg 1024w, https:\/\/www.lab.eus\/wp-content\/uploads\/2020\/09\/Burlata1-300x169.jpg 300w, https:\/\/www.lab.eus\/wp-content\/uploads\/2020\/09\/Burlata1-768x432.jpg 768w, https:\/\/www.lab.eus\/wp-content\/uploads\/2020\/09\/Burlata1-1536x864.jpg 1536w, https:\/\/www.lab.eus\/wp-content\/uploads\/2020\/09\/Burlata1-150x84.jpg 150w, https:\/\/www.lab.eus\/wp-content\/uploads\/2020\/09\/Burlata1-696x392.jpg 696w, https:\/\/www.lab.eus\/wp-content\/uploads\/2020\/09\/Burlata1-1068x601.jpg 1068w, https:\/\/www.lab.eus\/wp-content\/uploads\/2020\/09\/Burlata1-1920x1080.jpg 1920w, https:\/\/www.lab.eus\/wp-content\/uploads\/2020\/09\/Burlata1-747x420.jpg 747w, https:\/\/www.lab.eus\/wp-content\/uploads\/2020\/09\/Burlata1.jpg 2048w\" sizes=\"auto, (max-width: 1024px) 100vw, 1024px\" \/><figcaption class=\"blocks-gallery-item__caption\"> Burlatan bildu gara, Nafar Lansareren Iturrondo enplegu agentziaren egoitzaren parean<\/figcaption><\/figure><\/li><li class=\"blocks-gallery-item\"><figure><img loading=\"lazy\" decoding=\"async\" width=\"1024\" height=\"576\" src=\"https:\/\/www.lab.eus\/wp-content\/uploads\/2020\/09\/Burlata2-1024x576.jpg\" alt=\"\" data-id=\"24544\" data-full-url=\"https:\/\/www.lab.eus\/wp-content\/uploads\/2020\/09\/Burlata2.jpg\" data-link=\"https:\/\/www.lab.eus\/?attachment_id=24544\" class=\"wp-image-24544\" srcset=\"https:\/\/www.lab.eus\/wp-content\/uploads\/2020\/09\/Burlata2-1024x576.jpg 1024w, https:\/\/www.lab.eus\/wp-content\/uploads\/2020\/09\/Burlata2-300x169.jpg 300w, https:\/\/www.lab.eus\/wp-content\/uploads\/2020\/09\/Burlata2-768x432.jpg 768w, https:\/\/www.lab.eus\/wp-content\/uploads\/2020\/09\/Burlata2-1536x864.jpg 1536w, https:\/\/www.lab.eus\/wp-content\/uploads\/2020\/09\/Burlata2-150x84.jpg 150w, https:\/\/www.lab.eus\/wp-content\/uploads\/2020\/09\/Burlata2-696x392.jpg 696w, https:\/\/www.lab.eus\/wp-content\/uploads\/2020\/09\/Burlata2-1068x601.jpg 1068w, https:\/\/www.lab.eus\/wp-content\/uploads\/2020\/09\/Burlata2-1920x1080.jpg 1920w, https:\/\/www.lab.eus\/wp-content\/uploads\/2020\/09\/Burlata2-747x420.jpg 747w, https:\/\/www.lab.eus\/wp-content\/uploads\/2020\/09\/Burlata2.jpg 2048w\" sizes=\"auto, (max-width: 1024px) 100vw, 1024px\" \/><figcaption class=\"blocks-gallery-item__caption\">Ernai eta LAB<\/figcaption><\/figure><\/li><li class=\"blocks-gallery-item\"><figure><img loading=\"lazy\" decoding=\"async\" width=\"724\" height=\"1024\" src=\"https:\/\/www.lab.eus\/wp-content\/uploads\/2020\/09\/Kartela1-724x1024.jpg\" alt=\"\" data-id=\"24545\" data-full-url=\"https:\/\/www.lab.eus\/wp-content\/uploads\/2020\/09\/Kartela1.jpg\" data-link=\"https:\/\/www.lab.eus\/?attachment_id=24545\" class=\"wp-image-24545\" srcset=\"https:\/\/www.lab.eus\/wp-content\/uploads\/2020\/09\/Kartela1-724x1024.jpg 724w, https:\/\/www.lab.eus\/wp-content\/uploads\/2020\/09\/Kartela1-212x300.jpg 212w, https:\/\/www.lab.eus\/wp-content\/uploads\/2020\/09\/Kartela1-768x1086.jpg 768w, https:\/\/www.lab.eus\/wp-content\/uploads\/2020\/09\/Kartela1-150x212.jpg 150w, https:\/\/www.lab.eus\/wp-content\/uploads\/2020\/09\/Kartela1-300x424.jpg 300w, https:\/\/www.lab.eus\/wp-content\/uploads\/2020\/09\/Kartela1-696x984.jpg 696w, https:\/\/www.lab.eus\/wp-content\/uploads\/2020\/09\/Kartela1-297x420.jpg 297w, https:\/\/www.lab.eus\/wp-content\/uploads\/2020\/09\/Kartela1.jpg 905w\" sizes=\"auto, (max-width: 724px) 100vw, 724px\" \/><figcaption class=\"blocks-gallery-item__caption\">Gazteon aukera borrokan da<\/figcaption><\/figure><\/li><\/ul><\/figure>\n\n\n\n<p>Poco antes de entrar en la agencia Iturrondo han intervenido Imanol Karrera y Ainhoa Urrutia, portavoces de LAB y Ernai respectivamente. Ambos han recordado que en la huelga general del 30 de enero ya se advirti\u00f3 que la situaci\u00f3n de los y las j\u00f3venes trabajadoras era \u201ctotalmente precaria y altamente vulnerable\u201d. \u201cDesgraciadamente la realidad, el tiempo y la crisis de salud provocada por la Covid-19 nos han dado la raz\u00f3n. La crisis ha golpeado con m\u00e1s fuerza a trabajadores con menores ingresos, a las mujeres y a los j\u00f3venes. No hay m\u00e1s que prestar atenci\u00f3n a los datos para darse cuenta de ello\u201d.<\/p>\n\n\n\n<p>Desde febrero hasta la actualidad el paro juvenil de menores de 25 a\u00f1os ha aumentado un 36,24% en Navarra. Es decir, desde el inicio de la pandemia hay 1.154 j\u00f3venes m\u00e1s en paro. Por lo tanto, en total, en este momento hay 4.338 j\u00f3venes en paro en Navarra.<\/p>\n\n\n\n<p>En consecuencia y con toda l\u00f3gica, las principales preocupaciones de los j\u00f3venes son las condiciones laborales (precariedad del empleo) y la destrucci\u00f3n del empleo, los salarios de miseria y el desempleo. Junto a ello o como consecuencia de ello, otra de las preocupaciones que comparten es la dificultad para acceder a una vivienda y conseguir la emancipaci\u00f3n (el pago del alquiler es del 67,1% del salario neto).<\/p>\n\n\n\n<p>LAB y Ernai han advertido que la mayor\u00eda de los y las j\u00f3venes desempleadas viven sin cobertura social. \u201cDetr\u00e1s de esta realidad se encuentra el proceso de precarizaci\u00f3n que ha tenido a la juventud en su punto de mira. Pero esta generaci\u00f3n de j\u00f3venes tiene enfrente a un Gobierno poco preocupado por la gente joven y su futuro. El Gobierno de Navarra -sobre todo el consejero neoliberal de Desarrollo Econ\u00f3mico y Empresarial Manu Ayerdi- est\u00e1 a las \u00f3rdenes de la patronal CEN y ante estas graves situaciones se ha convertido, sin pudor alguno, en el portavoz de los empresarios. El ejemplo de Siemens-Gamesa nos ha dejado claro cu\u00e1l es el modus operandi de los empresarios y su apoyo por parte del Gobierno: recibir millones en subvenciones para sumar beneficios y despu\u00e9s destruir empleo\u201d.<\/p>\n\n\n\n<p>En opini\u00f3n de LAB y Ernai, esta \u201cl\u00f3gica de las cosas\u201d es la l\u00f3gica capitalista. \u201cY no la aceptamos\u201d, han declarado. \u201cNo aceptamos que la situaci\u00f3n precaria y vulnerable de la gente joven frustre su futuro. Por eso, el Gobierno de Navarra debe dejar de salvar empresas y empezar a proteger a los j\u00f3venes, para garantizarles una vida y un trabajo digno\u201d.<\/p>\n\n\n\n<p><strong>\u201cLa oportunidad de los j\u00f3venes est\u00e1 en la lucha\u201d<\/strong><br>Seg\u00fan LAB y Ernai, la pandemia de Covid-19 nos ha demostrado claramente cu\u00e1l es el principio del capitalismo y de los gobiernos \u201cacomodados\u201d a este sistema: \u201cbeneficios por encima de la gente, codicia por encima de la necesidad y riqueza por encima de la salud. Y esa l\u00f3gica condena a la clase trabajadora a la pobreza y el desempleo\u201d.<\/p>\n\n\n\n<p>\u201cEsta crisis de salud ha vuelto a poner de manifiesto las miserias del capitalismo. El capitalismo destruye nuestros empleos y nuestra salud, y frustra nuestro futuro. Por ello, todos nosotros y nosotras, mayores, adultos y j\u00f3venes, toda la clase trabajadora, estamos obligados a levantarnos, a hablar claro y a luchar por un mundo mejor. La gente joven quiere tener trabajos y vidas dignas y, para ello, la opci\u00f3n est\u00e1 en la lucha\u201d.<\/p>\n\n\n\n<p>En el sentido de todo lo anterior, el sindicato LAB y la organizaci\u00f3n juvenil Ernai llaman a trabajadores y trabajadoras de Navarra a participar en la manifestaci\u00f3n que se celebrar\u00e1 el 26 de septiembre a las 12:00 desde la Plaza de los Fueros de Pamplona. \u201cAgrup\u00e9monos y luchemos por el empleo, por unos trabajos y vidas dignas, por el futuro\u201d.<\/p>\n\n\n\n<p><strong>Alianza estrat\u00e9gica entre LAB y Ernai<\/strong><br>En abril de 2014, \u201cpara hacer frente a las consecuencias de la crisis anterior y aprovechar las oportunidades que surgieron\u201d, LAB y Ernai establecieron una alianza entre juventud y trabajadores y trabajadoras. Y ahora, \u201ccuando la pandemia de Covid-19 ha acelerado la crisis del capitalismo y por en\u00e9sima vez este sistema nos ha sumergido en una nueva crisis econ\u00f3mica y social\u201d, LAB y Ernai han querido renovar y reforzar su alianza, para ofrecer una alternativa \u201ceficiente y atractiva\u201d. \u201cQueremos ampliar la capacidad de nuestra alianza de manera pr\u00e1ctica para tener en cuenta las necesidades y preocupaciones de la gente joven, dar cauce a sus proyectos y movilizarse ante las agresiones\u201d.<\/p>\n\n\n\n<p>\u201cEn todos los sentidos y sin complejos, nos presentamos con la vocaci\u00f3n de ser una oportunidad para los y las j\u00f3venes\u201d, Y en ese sentido los retos de las dos organizaciones para este curso ser\u00e1n \u201chacer frente a los ataques que a ra\u00edz de la crisis se preven vayan a destruir los derechos y el empleo de la juventud\u201d, \u201caprovechar las oportunidades generadas por el contexto para dirigirnos a otro modelo econ\u00f3mico y social\u201d, y \u201cque las nuevas generaciones recojan el testigo de la lucha obrera\u201d.<\/p>\n","protected":false},"excerpt":{"rendered":"<p>Miembros del sindicato LAB y de la organizaci\u00f3n juvenil Ernai han accedido hoy, en Burlada, a la sede de Iturrondo, la Agencia Integral de Empleo y Formaci\u00f3n del Servicio Navarro de Empleo, en Burlada.<\/p>\n","protected":false},"author":1,"featured_media":24543,"comment_status":"closed","ping_status":"open","sticky":false,"template":"","format":"standard","meta":{"_monsterinsights_skip_tracking":false,"_monsterinsights_sitenote_active":false,"_monsterinsights_sitenote_note":"","_monsterinsights_sitenote_category":0,"footnotes":"","_links_to":"","_links_to_target":""},"categories":[2],"tags":[3161,3162,1323,641,799,3030,2176],"class_list":{"0":"post-24541","1":"post","2":"type-post","3":"status-publish","4":"format-standard","5":"has-post-thumbnail","7":"category-euskal-herria","8":"tag-burlata","9":"tag-ekintza-sindikala-3","10":"tag-ernai","11":"tag-gazteak","12":"tag-lab","13":"tag-nabarmendua-2","14":"tag-prekarietatearen-aurka"},"_links":{"self":[{"href":"https:\/\/www.lab.eus\/es\/wp-json\/wp\/v2\/posts\/24541","targetHints":{"allow":["GET"]}}],"collection":[{"href":"https:\/\/www.lab.eus\/es\/wp-json\/wp\/v2\/posts"}],"about":[{"href":"https:\/\/www.lab.eus\/es\/wp-json\/wp\/v2\/types\/post"}],"author":[{"embeddable":true,"href":"https:\/\/www.lab.eus\/es\/wp-json\/wp\/v2\/users\/1"}],"replies":[{"embeddable":true,"href":"https:\/\/www.lab.eus\/es\/wp-json\/wp\/v2\/comments?post=24541"}],"version-history":[{"count":0,"href":"https:\/\/www.lab.eus\/es\/wp-json\/wp\/v2\/posts\/24541\/revisions"}],"wp:featuredmedia":[{"embeddable":true,"href":"https:\/\/www.lab.eus\/es\/wp-json\/wp\/v2\/media\/24543"}],"wp:attachment":[{"href":"https:\/\/www.lab.eus\/es\/wp-json\/wp\/v2\/media?parent=24541"}],"wp:term":[{"taxonomy":"category","embeddable":true,"href":"https:\/\/www.lab.eus\/es\/wp-json\/wp\/v2\/categories?post=24541"},{"taxonomy":"post_tag","embeddable":true,"href":"https:\/\/www.lab.eus\/es\/wp-json\/wp\/v2\/tags?post=24541"}],"curies":[{"name":"wp","href":"https:\/\/api.w.org\/{rel}","templated":true}]}}