{"id":24526,"date":"2020-09-11T05:55:00","date_gmt":"2020-09-11T05:55:00","guid":{"rendered":"https:\/\/www.lab.eus\/?p=24526"},"modified":"2020-09-15T05:58:21","modified_gmt":"2020-09-15T05:58:21","slug":"rechazamos-el-erte-planteado-en-sidenor","status":"publish","type":"post","link":"https:\/\/www.lab.eus\/es\/rechazamos-el-erte-planteado-en-sidenor\/","title":{"rendered":"Rechazamos el ERTE planteado en Sidenor"},"content":{"rendered":"\n<p><em>Ayer jueves, 10 de setiembre, la direcci\u00f3n de Sidenor reuni\u00f3 a la representaci\u00f3n de los y las trabajadoras y les comunic\u00f3 la presentaci\u00f3n de un ERTE para todas las plantas del grupo, cuya duraci\u00f3n se plantea hasta el 31 de diciembre de 2021.<br><br><\/em>Desde LAB rechazamos tajantemente esta decisi\u00f3n por los siguientes motivos:<\/p>\n\n\n\n<p>Datos relevantes del periodo 2016-2019<\/p>\n\n\n\n<p>-GANACIAS DE LA EMPRESA:<\/p>\n\n\n\n<p>-EBITDA (beneficio antes de impuesto, amortizaciones etc\u2026): 250.000.000 \u20ac<br>&#8211; Reparto de dividendos a accionistas: 103.650.000 \u20ac<br>&#8211; Beneficio neto: 66.430.000 \u20ac. En los \u00faltimos 4 a\u00f1os la empresa ha repartido m\u00e1s dividendos que beneficios ha obtenido.<br>-Los miembros de la alta direcci\u00f3n se han repartido 18.000.000 \u20ac entre los a\u00f1os 2018-2019.<br>&#8211; Reducci\u00f3n de la plantilla: En los \u00faltimos 4 a\u00f1os se ha reducido la plantilla en cerca de 600 trabajadores y trabajadoras La empresa ha pasado de tener una plantilla de 2.239 en 2016) a 1.651 en 2019.<\/p>\n\n\n\n<p>Por todo ello, desde LAB creemos que la empresa est\u00e1 m\u00e1s que saneada para soportar posibles ejercicios dif\u00edciles en el futuro, incluso tras el salvaje reparto de dividendos y bas\u00e1ndonos en los datos ofrecidos por la propia empresa.<\/p>\n\n\n\n<p>La empresa alude como causa para la aplicaci\u00f3n del ERTE su dependencia del sector de la automoci\u00f3n. Curiosamente, las grandes plantas de automoci\u00f3n en Euskal Herria est\u00e1n retirando los ERTEs que en marzo comenzaron a aplicarse.<\/p>\n\n\n\n<p>Con este ERTE el \u00fanico beneficiado es la empresa. Utiliza a los y las trabajadoras y el dinero p\u00fablico para mantener los beneficios que han ido obteniendo.<\/p>\n\n\n\n<p>Queremos recordar que este ERTE tendr\u00eda una repercusi\u00f3n directa en los y las trabajadoras eventuales de Sidenor y en sus subcontratas (comedor, limpieza, mantenimiento, log\u00edstica, transporte\u2026..). Los trabajadores y trabajadoras subcontratadas en Sidenor superan los 700. Si Sidenor aplica un ERTE las subcontratas seguir\u00e1n el mismo camino.<\/p>\n\n\n\n<p>Por \u00faltimo, interpelamos al Gobierno Vasco y le preguntamos si va a permitir que se precaricen las condiciones de trabajo de miles de trabajadores y trabajadoras y se utilice dinero p\u00fablico para que empresas como Sidenor sigan llen\u00e1ndose los bolsillos a costa se sus plantillas.<\/p>\n\n\n\n<p>No hay ni una sola raz\u00f3n para tomar medidas como este ERTE.<\/p>\n","protected":false},"excerpt":{"rendered":"<p>Ayer jueves, 10 de setiembre, la direcci\u00f3n de Sidenor reuni\u00f3 a la representaci\u00f3n de los y las trabajadoras y les comunic\u00f3 la presentaci\u00f3n de un ERTE para todas las plantas del grupo, cuya duraci\u00f3n se plantea hasta el 31 de diciembre de 2021.<\/p>\n","protected":false},"author":1,"featured_media":24524,"comment_status":"closed","ping_status":"open","sticky":false,"template":"","format":"standard","meta":{"_monsterinsights_skip_tracking":false,"_monsterinsights_sitenote_active":false,"_monsterinsights_sitenote_note":"","_monsterinsights_sitenote_category":0,"footnotes":"","_links_to":"","_links_to_target":""},"categories":[108],"tags":[1447,3207,2996,3064,1060],"class_list":{"0":"post-24526","1":"post","2":"type-post","3":"status-publish","4":"format-standard","5":"has-post-thumbnail","7":"category-es-metal","8":"tag-ere","9":"tag-erte","10":"tag-industria-es","11":"tag-metal-es","12":"tag-sidenor"},"_links":{"self":[{"href":"https:\/\/www.lab.eus\/es\/wp-json\/wp\/v2\/posts\/24526","targetHints":{"allow":["GET"]}}],"collection":[{"href":"https:\/\/www.lab.eus\/es\/wp-json\/wp\/v2\/posts"}],"about":[{"href":"https:\/\/www.lab.eus\/es\/wp-json\/wp\/v2\/types\/post"}],"author":[{"embeddable":true,"href":"https:\/\/www.lab.eus\/es\/wp-json\/wp\/v2\/users\/1"}],"replies":[{"embeddable":true,"href":"https:\/\/www.lab.eus\/es\/wp-json\/wp\/v2\/comments?post=24526"}],"version-history":[{"count":0,"href":"https:\/\/www.lab.eus\/es\/wp-json\/wp\/v2\/posts\/24526\/revisions"}],"wp:featuredmedia":[{"embeddable":true,"href":"https:\/\/www.lab.eus\/es\/wp-json\/wp\/v2\/media\/24524"}],"wp:attachment":[{"href":"https:\/\/www.lab.eus\/es\/wp-json\/wp\/v2\/media?parent=24526"}],"wp:term":[{"taxonomy":"category","embeddable":true,"href":"https:\/\/www.lab.eus\/es\/wp-json\/wp\/v2\/categories?post=24526"},{"taxonomy":"post_tag","embeddable":true,"href":"https:\/\/www.lab.eus\/es\/wp-json\/wp\/v2\/tags?post=24526"}],"curies":[{"name":"wp","href":"https:\/\/api.w.org\/{rel}","templated":true}]}}