{"id":24521,"date":"2020-09-14T05:50:00","date_gmt":"2020-09-14T05:50:00","guid":{"rendered":"https:\/\/www.lab.eus\/?p=24521"},"modified":"2020-09-22T08:26:42","modified_gmt":"2020-09-22T08:26:42","slug":"nos-reuniremos-con-idoia-mendia-nueva-consejera-de-trabajo-y-empleo-del-gobierno-vasco","status":"publish","type":"post","link":"https:\/\/www.lab.eus\/es\/nos-reuniremos-con-idoia-mendia-nueva-consejera-de-trabajo-y-empleo-del-gobierno-vasco\/","title":{"rendered":"Nos reuniremos con Idoia Mendia, nueva consejera de Trabajo y Empleo del Gobierno Vasco"},"content":{"rendered":"\n<p><em>LAB ha recibido una solicitud de reuni\u00f3n con el Departamento de Trabajo y Empleo del Gobierno Vasco, enviada por la consejera Idoia Mendia. LAB quiere manifestar su intenci\u00f3n de acudir a esta primera reuni\u00f3n con la nueva consejera, en fecha a\u00fan por determinar. En esta reuni\u00f3n, situaremos cu\u00e1les son las prioridades del sindicato en materia de Trabajo y Empleo, concretamente. Asimismo, se expondr\u00e1n las propuestas del sindicato en materia de fiscalidad y sector p\u00fablico.<br><br><\/em>LAB quiere dejar claro que, para que no haya nuevos recortes presupuestarios, para hacer las inversiones necesarias en Sanidad y Educaci\u00f3n o para dar una respuesta adecuada a las necesidades sociales que proliferan, es imprescindible hablar de pol\u00edtica fiscal. Hace falta una nueva pol\u00edtica fiscal que recaude m\u00e1s dinero y de forma m\u00e1s progresiva, pidiendo m\u00e1s esfuerzo fiscal a los que m\u00e1s tienen.<\/p>\n\n\n\n<p>Asimismo, quisi\u00e9ramos subrayar las condiciones que deber\u00eda tener la relaci\u00f3n con el Gobierno. Entre nuestras condiciones, junto con el traslado de los diagn\u00f3sticos y propuestas de LAB, lo que queremos saber es qu\u00e9 tipo de relaciones quiere mantener el Gobierno Vasco con los sindicatos y c\u00f3mo entiende nuestro papel; es decir, si tendremos o no posibilidad real de hacer propuestas y debatir, y si respetar\u00e1 o no la mayor\u00eda sindical.<\/p>\n\n\n\n<p>Tambi\u00e9n queremos aclarar si ofrece un modelo de di\u00e1logo que sea totalmente dependiente de Madrid o si para ir construyendo el Marco Vasco de Relaciones Laborales y Protecci\u00f3n Social se compromete a respetar los acuerdos que se puedan alcanzar en su \u00e1mbito sin ninguna injerencia por parte del Estado.<\/p>\n\n\n\n<p>Asimismo, LAB quiere reiterar que no participar\u00e1 en la denominada mesa de di\u00e1logo social vigente en la actualidad en la CAV, ya que este marco est\u00e1 viciado desde sus inicios y no ha tenido otro objetivo que blanquear las pol\u00edticas del gobierno y de la patronal.<\/p>\n","protected":false},"excerpt":{"rendered":"<p>LAB ha recibido una solicitud de reuni\u00f3n con el Departamento de Trabajo y Empleo del Gobierno Vasco, enviada por la consejera Idoia Mendia.<\/p>\n","protected":false},"author":1,"featured_media":0,"comment_status":"closed","ping_status":"open","sticky":false,"template":"","format":"standard","meta":{"_monsterinsights_skip_tracking":false,"_monsterinsights_sitenote_active":false,"_monsterinsights_sitenote_note":"","_monsterinsights_sitenote_category":0,"footnotes":"","_links_to":"","_links_to_target":""},"categories":[18],"tags":[3033,3158,3208,3205,3156,3209],"class_list":{"0":"post-24521","1":"post","2":"type-post","3":"status-publish","4":"format-standard","6":"category-es-accion-sindical","7":"tag-accion-sindical-es","8":"tag-departamento-de-trabajo-y-empleo","9":"tag-departamento-de-trabajo-y-empleo-es","10":"tag-gobierno-vasco-es","11":"tag-idoia-mendia","12":"tag-idoia-mendia-es"},"_links":{"self":[{"href":"https:\/\/www.lab.eus\/es\/wp-json\/wp\/v2\/posts\/24521","targetHints":{"allow":["GET"]}}],"collection":[{"href":"https:\/\/www.lab.eus\/es\/wp-json\/wp\/v2\/posts"}],"about":[{"href":"https:\/\/www.lab.eus\/es\/wp-json\/wp\/v2\/types\/post"}],"author":[{"embeddable":true,"href":"https:\/\/www.lab.eus\/es\/wp-json\/wp\/v2\/users\/1"}],"replies":[{"embeddable":true,"href":"https:\/\/www.lab.eus\/es\/wp-json\/wp\/v2\/comments?post=24521"}],"version-history":[{"count":0,"href":"https:\/\/www.lab.eus\/es\/wp-json\/wp\/v2\/posts\/24521\/revisions"}],"wp:attachment":[{"href":"https:\/\/www.lab.eus\/es\/wp-json\/wp\/v2\/media?parent=24521"}],"wp:term":[{"taxonomy":"category","embeddable":true,"href":"https:\/\/www.lab.eus\/es\/wp-json\/wp\/v2\/categories?post=24521"},{"taxonomy":"post_tag","embeddable":true,"href":"https:\/\/www.lab.eus\/es\/wp-json\/wp\/v2\/tags?post=24521"}],"curies":[{"name":"wp","href":"https:\/\/api.w.org\/{rel}","templated":true}]}}