{"id":24507,"date":"2020-09-14T12:27:23","date_gmt":"2020-09-14T12:27:23","guid":{"rendered":"https:\/\/www.lab.eus\/?p=24507"},"modified":"2020-09-14T12:27:25","modified_gmt":"2020-09-14T12:27:25","slug":"sin-recursos-suficientes-no-es-posible-una-upv-ehu-de-calidad","status":"publish","type":"post","link":"https:\/\/www.lab.eus\/es\/sin-recursos-suficientes-no-es-posible-una-upv-ehu-de-calidad\/","title":{"rendered":"Sin recursos suficientes no es posible una UPV\/EHU de calidad"},"content":{"rendered":"\n<p><em>Hoy, 14 de septiembre, se ha celebrado en el Bizkaia Aretoa de Bilbao la apertura oficial del curso acad\u00e9mico con la presencia de la Rectora, Nekane Balluerka y miembros de su equipo, el Lehendakari del Gobierno Vasco, I\u00f1igo Urkullu, y el Consejero de Educaci\u00f3n, as\u00ed como representantes y miembros de la sociedad vasca y la UPV\/EHU. Nos hemos concentrado en el exterior de Bizkaia Aretoa para dar a conocer nuestras reivindicaciones.<br><\/em><br>Est\u00e1 resultando duro lo que estamos sufriendo a consecuencia de la pandemia de coronavirus en la sociedad vasca (sanidad, residencias de mayores, peque\u00f1o comercio, educaci\u00f3n no universitaria que ma\u00f1ana har\u00e1 huelga), y tambi\u00e9n en la UPV\/EHU. Aunque hemos pedido datos al respecto, desconocemos cu\u00e1nto personal de la UPV se ha contagiado hasta ahora. Pero sabemos que algunas compa\u00f1eras y compa\u00f1eros se han infectado de Covid-19: personal de limpieza, de administraci\u00f3n y servicios, personal vulnerable a quien le negaron la posibilidad de teletrabajar cuando nos obligaron a volver al trabajo presencial,\u2026 En primer lugar, queremos transmitirles nuestra solidaridad y \u00e1nimo, dese\u00e1ndoles que est\u00e9n completamente recuperados lo antes posible.<\/p>\n\n\n\n<p>Por eso, en LAB de la UPV queremos situar las vidas y la salud de todas y todos en el centro de las prioridades, reivindicando las siguientes medidas:<\/p>\n\n\n\n<p>-Realizaci\u00f3n de test PCR a los miembros de la comunidad universitaria.<br>-Actualizaci\u00f3n de la evaluaci\u00f3n de riesgos del personal de todos los puestos de trabajo indicados por la Inspecci\u00f3n de Trabajo en respuesta a la denuncia interpuesta por LAB.<br>-Especial protecci\u00f3n del personal vulnerable, permiti\u00e9ndoles teletrabajar.<br>-Dotaci\u00f3n de personal capacitado para detectar los contactos de casos positivos que se produzcan.<br>-Puesta en marcha de medidas consensuadas para superar la escasez de personal que sufre el Servicio de Prevenci\u00f3n de la UPV\/EHU.<\/p>\n\n\n\n<p>Por otro lado, pedimos a la Rectora de la UPV\/EHU y al Lehendakari y Consejero de Educaci\u00f3n del Gobierno Vasco que garanticen unas condiciones laborales dignas al conjunto de la plantilla de la universidad p\u00fablica de nuestra comunidad aut\u00f3noma; entre otras:<\/p>\n\n\n\n<p>-Garantizar medidas efectivas para hacer frente a la pandemia de precariedad laboral que padecemos el personal de la UPV\/EHU: reconociendo la estabilidad a personas que llevan muchos a\u00f1os contratadas, planteando Ofertas P\u00fablicas de Empleo con garant\u00edas,\u2026<br>-Materializaci\u00f3n del compromiso de conversi\u00f3n de contratos fuera de la Relaci\u00f3n de Puestos de Trabajo (RPT) asociados a contratos-programa en puestos de RPT.<br>-Nuevo acuerdo con la representaci\u00f3n sindical para facilitar los cuidados y el teletrabajo.<br>-Garantizar las sustituciones del Personal Docente Investigador y del Personal de Administraci\u00f3n y Servicios (PAS) y abordar las nuevas tareas surgidas para no perder el nivel de empleo existente.<br>-Garantizar las transferencias suficientes para mejorar las retribuciones del personal de la UPV\/EHU (Profesorado, Investigador, PAS, Investigador Predoctoral), evitando la disminuci\u00f3n y\/o congelaci\u00f3n salarial.<\/p>\n\n\n\n<p>Por \u00faltimo, LAB de la UPV\/EHU reclama al nuevo Gobierno Vasco una mayor financiaci\u00f3n para que la universidad p\u00fablica pueda seguir desempe\u00f1ando su papel prioritario en el sistema universitario vasco. M\u00e1s financiaci\u00f3n para convertir en realidad sin m\u00e1s dilaciones la de hace muchos a\u00f1os comprometida construcci\u00f3n en Bilbao de la Facultad de Medicina; para que en la UPV\/EHU, que cada vez cuenta con m\u00e1s alumnado euskaldun, se puedan poner en marcha medidas eficaces en la normalizaci\u00f3n del euskera, en la igualdad entre hombres y mujeres y en la sostenibilidad; para realizar las inversiones necesarias en la modernizaci\u00f3n de las infraestructuras de la UPV\/EHU; para garantizar la seguridad y la salud de todo el personal y para que Euskal Herria tenga la universidad p\u00fablica que se merece para hacer las aportaciones que necesita<\/p>\n","protected":false},"excerpt":{"rendered":"<p>Hoy, 14 de septiembre, se ha celebrado en el Bizkaia Aretoa de Bilbao la apertura oficial del curso acad\u00e9mico con la presencia de la Rectora, Nekane Balluerka y miembros de su equipo, el Lehendakari del Gobierno Vasco, I\u00f1igo Urkullu, y el Consejero de Educaci\u00f3n, as\u00ed como representantes y miembros de la sociedad vasca y la UPV\/EHU. Nos hemos concentrado en el exterior de Bizkaia Aretoa para dar a conocer nuestras reivindicaciones.<\/p>\n","protected":false},"author":1,"featured_media":24505,"comment_status":"closed","ping_status":"open","sticky":false,"template":"","format":"standard","meta":{"_monsterinsights_skip_tracking":false,"_monsterinsights_sitenote_active":false,"_monsterinsights_sitenote_note":"","_monsterinsights_sitenote_category":0,"footnotes":"","_links_to":"","_links_to_target":""},"categories":[33],"tags":[3266,3026,3194,3052,3027,3171,2739],"class_list":{"0":"post-24507","1":"post","2":"type-post","3":"status-publish","4":"format-standard","5":"has-post-thumbnail","7":"category-es-ensenanza","8":"tag-educacion-es","9":"tag-educacion","10":"tag-ensenanza-es","11":"tag-ensenanza","12":"tag-servicios-publicos-3","13":"tag-servicios-publicos-es","14":"tag-upv-ehu"},"_links":{"self":[{"href":"https:\/\/www.lab.eus\/es\/wp-json\/wp\/v2\/posts\/24507","targetHints":{"allow":["GET"]}}],"collection":[{"href":"https:\/\/www.lab.eus\/es\/wp-json\/wp\/v2\/posts"}],"about":[{"href":"https:\/\/www.lab.eus\/es\/wp-json\/wp\/v2\/types\/post"}],"author":[{"embeddable":true,"href":"https:\/\/www.lab.eus\/es\/wp-json\/wp\/v2\/users\/1"}],"replies":[{"embeddable":true,"href":"https:\/\/www.lab.eus\/es\/wp-json\/wp\/v2\/comments?post=24507"}],"version-history":[{"count":0,"href":"https:\/\/www.lab.eus\/es\/wp-json\/wp\/v2\/posts\/24507\/revisions"}],"wp:featuredmedia":[{"embeddable":true,"href":"https:\/\/www.lab.eus\/es\/wp-json\/wp\/v2\/media\/24505"}],"wp:attachment":[{"href":"https:\/\/www.lab.eus\/es\/wp-json\/wp\/v2\/media?parent=24507"}],"wp:term":[{"taxonomy":"category","embeddable":true,"href":"https:\/\/www.lab.eus\/es\/wp-json\/wp\/v2\/categories?post=24507"},{"taxonomy":"post_tag","embeddable":true,"href":"https:\/\/www.lab.eus\/es\/wp-json\/wp\/v2\/tags?post=24507"}],"curies":[{"name":"wp","href":"https:\/\/api.w.org\/{rel}","templated":true}]}}