{"id":22829,"date":"2020-07-23T07:21:00","date_gmt":"2020-07-23T07:21:00","guid":{"rendered":"https:\/\/www.lab.eus\/?p=22829"},"modified":"2020-09-01T07:23:12","modified_gmt":"2020-09-01T07:23:12","slug":"movilizacion-en-gasteiz-para-pedir-que-los-y-las-presas-vuelvan-a-casa","status":"publish","type":"post","link":"https:\/\/www.lab.eus\/es\/movilizacion-en-gasteiz-para-pedir-que-los-y-las-presas-vuelvan-a-casa\/","title":{"rendered":"Movilizaci\u00f3n en Gasteiz para pedir que los y las presas vuelvan a casa"},"content":{"rendered":"\n<p><em>Hoy nos hemos concentrado en la Plaza de la Virgen Blanca de Gasteiz con el lema \u201cEs tiempo de soluciones. Presas y presos a casa\u201d. Queremos a las y los presos y a los y las exiliadas en casa y con vida.<br><br><\/em>Adem\u00e1s, se trata de un paso indispensable para avanzar en la resoluci\u00f3n del conflicto, la paz y la convivencia. Ya es hora de terminar con la legislaci\u00f3n de excepci\u00f3n y de que se ponga en marcha el proceso que traiga a los y las presas a casa, a trav\u00e9s de la activaci\u00f3n de la sociedad y la implicaci\u00f3n de los agentes, para hacer que el Gobierno se mueva\u201d.<\/p>\n\n\n\n<p>Concretamente, LAB hace suyas las siguientes reivindicaciones:<br>&#8211; Traer a Euskal Herria a todos y todas las presas<br>&#8211; Liberaci\u00f3n inmediata de quienes tengan enfermedades graves o sean mayores de 65 a\u00f1os.<br>&#8211; Posibilitar los cambios de grados y que las y los presos que cumplan con las condiciones est\u00e9n en casa.<br>&#8211; Garant\u00eda del derecho a visitas.<\/p>\n\n\n\n<p>La pandemia del covid-19 tambi\u00e9n ha supuesto graves consecuencias en las c\u00e1rceles. Aunque otros gobiernos hayan liberado a las y los presos enfermos y de edad avanzada, en el caso de las y los presos vascos no ha ocurrido as\u00ed. Los gobiernos han seguido con las medidas de excepci\u00f3n, siguiendo con la diversi\u00f3n que los mantiene a cientos de kil\u00f3metros de su casa. No podemos olvidar que mientras ha durado el estado de alarma se ha vetado el derecho a visitas que tienen las personas presas, sus familiares y su entorno.<\/p>\n\n\n\n<p>LAB muestra su total apoyo tanto a SARE como a Etxerat, y en este sentido, se suma a la iniciativa Izan Bidea organizada por SARE.<\/p>\n\n\n\n<p>Del mismo modo LAB volver\u00e1 a movilizarse el 30 de julio en la playa de Deba, a partir de las 12:00, con el lema \u201cQueremos a las y los presos en casa y con vida\u201d.<\/p>\n","protected":false},"excerpt":{"rendered":"<p>Hoy nos hemos concentrado en la Plaza de la Virgen Blanca de Gasteiz con el lema \u201cEs tiempo de soluciones. Presas y presos a casa\u201d. Queremos a las y los presos y a los y las exiliadas en casa y con vida.<\/p>\n","protected":false},"author":1,"featured_media":22827,"comment_status":"closed","ping_status":"open","sticky":false,"template":"","format":"standard","meta":{"_monsterinsights_skip_tracking":false,"_monsterinsights_sitenote_active":false,"_monsterinsights_sitenote_note":"","_monsterinsights_sitenote_category":0,"footnotes":"","_links_to":"","_links_to_target":""},"categories":[3402,2,3301],"tags":[2071,2087],"class_list":{"0":"post-22829","1":"post","2":"type-post","3":"status-publish","4":"format-standard","5":"has-post-thumbnail","7":"category-accion-politica","8":"category-euskal-herria","9":"category-euskal-herria-es-2","10":"tag-euskal-herria-2","11":"tag-euskal-presoak-2"},"_links":{"self":[{"href":"https:\/\/www.lab.eus\/es\/wp-json\/wp\/v2\/posts\/22829","targetHints":{"allow":["GET"]}}],"collection":[{"href":"https:\/\/www.lab.eus\/es\/wp-json\/wp\/v2\/posts"}],"about":[{"href":"https:\/\/www.lab.eus\/es\/wp-json\/wp\/v2\/types\/post"}],"author":[{"embeddable":true,"href":"https:\/\/www.lab.eus\/es\/wp-json\/wp\/v2\/users\/1"}],"replies":[{"embeddable":true,"href":"https:\/\/www.lab.eus\/es\/wp-json\/wp\/v2\/comments?post=22829"}],"version-history":[{"count":0,"href":"https:\/\/www.lab.eus\/es\/wp-json\/wp\/v2\/posts\/22829\/revisions"}],"wp:featuredmedia":[{"embeddable":true,"href":"https:\/\/www.lab.eus\/es\/wp-json\/wp\/v2\/media\/22827"}],"wp:attachment":[{"href":"https:\/\/www.lab.eus\/es\/wp-json\/wp\/v2\/media?parent=22829"}],"wp:term":[{"taxonomy":"category","embeddable":true,"href":"https:\/\/www.lab.eus\/es\/wp-json\/wp\/v2\/categories?post=22829"},{"taxonomy":"post_tag","embeddable":true,"href":"https:\/\/www.lab.eus\/es\/wp-json\/wp\/v2\/tags?post=22829"}],"curies":[{"name":"wp","href":"https:\/\/api.w.org\/{rel}","templated":true}]}}