{"id":22824,"date":"2020-07-23T07:18:00","date_gmt":"2020-07-23T07:18:00","guid":{"rendered":"https:\/\/www.lab.eus\/?p=22824"},"modified":"2020-09-01T07:19:11","modified_gmt":"2020-09-01T07:19:11","slug":"valoramos-de-forma-positiva-el-primer-dia-de-paros-en-guascor","status":"publish","type":"post","link":"https:\/\/www.lab.eus\/es\/valoramos-de-forma-positiva-el-primer-dia-de-paros-en-guascor\/","title":{"rendered":"Valoramos de forma positiva el primer d\u00eda de paros en Guascor"},"content":{"rendered":"\n<p><em>Hoy, 23 de julio se ha sido el primer d\u00eda de paros de 2 horas en la empresa Guascor de Zumaia, perteneciente al grupo Siemens. El centro de trabajo pr\u00e1cticamente ha parado por completo y desde LAB queremos decur que hacemos una valoraci\u00f3n positiva. Las y los trabajadores hemos demostrado de nuevo que somos capaces de unir nuestras fuerzas y plantarnos frente a la direcci\u00f3n de la empresa.<br><br><\/em>La empresa nos ha convocado para una reuni\u00f3n para ma\u00f1ana viernes a las 11:00 de la ma\u00f1ana. No nos ha comunicado cu\u00e1l es la raz\u00f3n de convocarla, pero ser\u00e1 clave para decidir cu\u00e1les ser\u00e1n nuestros siguientes pasos a dar respecto a las movilizaciones.<\/p>\n\n\n\n<p>Es necesario a\u00f1adir que no disponemos casi de ninguna informaci\u00f3n. Lo \u00fanico que sabemos es que despedir\u00e1n a menos del 10% de la plantilla. Pueden ser 2 personas y pueden ser 18. No sabemos cu\u00e1ntos ser\u00e1n.<\/p>\n\n\n\n<p>Tenemos claro que si la empresa no cambia de actitud, seguiremos luchando.<\/p>\n\n\n\n<p>\u00a1No a los despidos! \u00a1No al acoso sindical! &nbsp;<\/p>\n","protected":false},"excerpt":{"rendered":"<p>Hoy, 23 de julio se ha sido el primer d\u00eda de paros de 2 horas en la empresa Guascor de Zumaia, perteneciente al grupo Siemens. El centro de trabajo pr\u00e1cticamente ha parado por completo y desde LAB queremos decur que hacemos una valoraci\u00f3n positiva. Las y los trabajadores hemos demostrado de nuevo que somos capaces de unir nuestras fuerzas y plantarnos frente a la direcci\u00f3n de la empresa.<\/p>\n","protected":false},"author":1,"featured_media":0,"comment_status":"closed","ping_status":"open","sticky":false,"template":"","format":"standard","meta":{"_monsterinsights_skip_tracking":false,"_monsterinsights_sitenote_active":false,"_monsterinsights_sitenote_note":"","_monsterinsights_sitenote_category":0,"footnotes":"","_links_to":"","_links_to_target":""},"categories":[98],"tags":[3109,2996,3096],"class_list":{"0":"post-22824","1":"post","2":"type-post","3":"status-publish","4":"format-standard","6":"category-es-industria-quimica","7":"tag-guascor","8":"tag-industria-es","9":"tag-industria-quimica"},"_links":{"self":[{"href":"https:\/\/www.lab.eus\/es\/wp-json\/wp\/v2\/posts\/22824","targetHints":{"allow":["GET"]}}],"collection":[{"href":"https:\/\/www.lab.eus\/es\/wp-json\/wp\/v2\/posts"}],"about":[{"href":"https:\/\/www.lab.eus\/es\/wp-json\/wp\/v2\/types\/post"}],"author":[{"embeddable":true,"href":"https:\/\/www.lab.eus\/es\/wp-json\/wp\/v2\/users\/1"}],"replies":[{"embeddable":true,"href":"https:\/\/www.lab.eus\/es\/wp-json\/wp\/v2\/comments?post=22824"}],"version-history":[{"count":0,"href":"https:\/\/www.lab.eus\/es\/wp-json\/wp\/v2\/posts\/22824\/revisions"}],"wp:attachment":[{"href":"https:\/\/www.lab.eus\/es\/wp-json\/wp\/v2\/media?parent=22824"}],"wp:term":[{"taxonomy":"category","embeddable":true,"href":"https:\/\/www.lab.eus\/es\/wp-json\/wp\/v2\/categories?post=22824"},{"taxonomy":"post_tag","embeddable":true,"href":"https:\/\/www.lab.eus\/es\/wp-json\/wp\/v2\/tags?post=22824"}],"curies":[{"name":"wp","href":"https:\/\/api.w.org\/{rel}","templated":true}]}}