{"id":22767,"date":"2020-07-28T07:44:00","date_gmt":"2020-07-28T07:44:00","guid":{"rendered":"https:\/\/www.lab.eus\/?p=22767"},"modified":"2020-08-31T07:45:03","modified_gmt":"2020-08-31T07:45:03","slug":"la-pandemia-y-los-errores-del-pasado-son-un-coctel-letal-para-la-clase-trabajadora-tras-el-duro-golpe-al-empleo-el-pnv-propone-reducir-salarios","status":"publish","type":"post","link":"https:\/\/www.lab.eus\/es\/la-pandemia-y-los-errores-del-pasado-son-un-coctel-letal-para-la-clase-trabajadora-tras-el-duro-golpe-al-empleo-el-pnv-propone-reducir-salarios\/","title":{"rendered":"La pandemia y los errores del pasado son un c\u00f3ctel letal para la clase trabajadora: tras el duro golpe al empleo el PNV propone reducir salarios"},"content":{"rendered":"\n<p><em>La crisis sanitaria, la paralizaci\u00f3n econ\u00f3mica y una incertidumbre extrema han impactado violentamente en la sociedad y en el tejido productivo, provocando una destrucci\u00f3n de empleo sin precedentes y como consecuencia la extensi\u00f3n de la pobreza.<br><br><\/em>Seg\u00fan la EPA, en el segundo trimestre del a\u00f1o se destruyeron 43.200 puestos de trabajo netos en el conjunto de Hego Euskal Herria, un total de 32.900 trabajaban por cuenta ajena y 23.500 ten\u00edan un empleo asalariado de car\u00e1cter temporal.<\/p>\n\n\n\n<p>Adem\u00e1s, al zarpazo sufrido por el empleo hay que a\u00f1adir la utilizaci\u00f3n masiva de ERTEs. En los momentos m\u00e1s duros se alcanz\u00f3 un pico m\u00e1ximo de 202.630 personas en regulaci\u00f3n temporal de empleo que tambi\u00e9n han visto reducidos sus ingresos salariales.<\/p>\n\n\n\n<p>Este mecanismo ha permitido amortiguar el primer golpe y evitar una mayor sangr\u00eda de empleo. No obstante, a finales de junio todav\u00eda hab\u00eda alrededor de 87.140 trabajadores y trabajadoras afectadas por ERTE cuya vuelta al trabajo a\u00fan es una inc\u00f3gnita.<\/p>\n\n\n\n<p>Asimismo, cabe destacar que el paro juvenil se ha disparado al 31,6% (diez puntos por encima del trimestre anterior) despu\u00e9s de que la ocupaci\u00f3n entre la poblaci\u00f3n joven menor de 25 a\u00f1os se haya reducido en 8.500 personas, lo que supone un 16,7% menos que en el trimestre anterior y un 27,4% menos que hace un a\u00f1o.<\/p>\n\n\n\n<p>Una vez m\u00e1s comprobamos que los efectos de la crisis sacuden con mayor dureza a la juventud y a los colectivos m\u00e1s precarios y peor remunerados, precisamente por sus condiciones de mayor explotaci\u00f3n y vulnerabilidad.<\/p>\n\n\n\n<p>Por otro lado, ha pasado poco m\u00e1s de un mes desde que termin\u00f3 la vigencia del estado de alarma y la ret\u00f3rica del \u201cque nadie se quede atr\u00e1s\u201d ha dado paso a declaraciones completamente alineadas con los intereses de la clase empresarial.<\/p>\n\n\n\n<p>Al igual que en la crisis de 2008, la consejera en funciones, Arantxa Tapia, anima a reducir los salarios como terapia de choque.<\/p>\n\n\n\n<p>En estas circunstancias existe el peligro real de que las pol\u00edticas p\u00fablicas y la actitud de la patronal se coaliguen con el objetivo de repetir errores del pasado; un camino conocido que solo conduce a agravar los problemas estructurales que ya padec\u00edamos antes de la pandemia: las desigualdades salariales y la precariedad laboral.<\/p>\n\n\n\n<p>Por tanto, el mantenimiento de los empleos y de los salarios deben formar parte de una misma lucha.<\/p>\n","protected":false},"excerpt":{"rendered":"<p>La crisis sanitaria, la paralizaci\u00f3n econ\u00f3mica y una incertidumbre extrema han impactado violentamente en la sociedad y en el tejido productivo, provocando una destrucci\u00f3n de empleo sin precedentes y como consecuencia la extensi\u00f3n de la pobreza.<\/p>\n","protected":false},"author":1,"featured_media":0,"comment_status":"closed","ping_status":"open","sticky":false,"template":"","format":"standard","meta":{"_monsterinsights_skip_tracking":false,"_monsterinsights_sitenote_active":false,"_monsterinsights_sitenote_note":"","_monsterinsights_sitenote_category":0,"footnotes":"","_links_to":"","_links_to_target":""},"categories":[2994],"tags":[3182,3101],"class_list":{"0":"post-22767","1":"post","2":"type-post","3":"status-publish","4":"format-standard","6":"category-accion-social","7":"tag-accion-social-es","8":"tag-desempleo"},"_links":{"self":[{"href":"https:\/\/www.lab.eus\/es\/wp-json\/wp\/v2\/posts\/22767","targetHints":{"allow":["GET"]}}],"collection":[{"href":"https:\/\/www.lab.eus\/es\/wp-json\/wp\/v2\/posts"}],"about":[{"href":"https:\/\/www.lab.eus\/es\/wp-json\/wp\/v2\/types\/post"}],"author":[{"embeddable":true,"href":"https:\/\/www.lab.eus\/es\/wp-json\/wp\/v2\/users\/1"}],"replies":[{"embeddable":true,"href":"https:\/\/www.lab.eus\/es\/wp-json\/wp\/v2\/comments?post=22767"}],"version-history":[{"count":0,"href":"https:\/\/www.lab.eus\/es\/wp-json\/wp\/v2\/posts\/22767\/revisions"}],"wp:attachment":[{"href":"https:\/\/www.lab.eus\/es\/wp-json\/wp\/v2\/media?parent=22767"}],"wp:term":[{"taxonomy":"category","embeddable":true,"href":"https:\/\/www.lab.eus\/es\/wp-json\/wp\/v2\/categories?post=22767"},{"taxonomy":"post_tag","embeddable":true,"href":"https:\/\/www.lab.eus\/es\/wp-json\/wp\/v2\/tags?post=22767"}],"curies":[{"name":"wp","href":"https:\/\/api.w.org\/{rel}","templated":true}]}}