{"id":22763,"date":"2020-07-29T05:57:00","date_gmt":"2020-07-29T05:57:00","guid":{"rendered":"https:\/\/www.lab.eus\/?p=22763"},"modified":"2020-08-31T06:00:17","modified_gmt":"2020-08-31T06:00:17","slug":"reclamamos-el-refuerzo-inmediato-de-la-atencion-primaria-en-la-osi-ezkerraldea-enkarterri-cruces","status":"publish","type":"post","link":"https:\/\/www.lab.eus\/es\/reclamamos-el-refuerzo-inmediato-de-la-atencion-primaria-en-la-osi-ezkerraldea-enkarterri-cruces\/","title":{"rendered":"Reclamamos el refuerzo inmediato de la atenci\u00f3n primaria en la OSI Ezkerraldea-Enkarterri-Cruces"},"content":{"rendered":"\n<p><em>La atenci\u00f3n primaria en la OSI Ezkerraldea-Enkarterri-Cruces es distinta e igual a la del resto de Osakidetza. Distinta, porque tiene sus particularidades e igual, porque sus problemas son comunes a toda la atenci\u00f3n primaria. Es decir, la situaci\u00f3n que denunciamos en esta OSI es la que sufre toda la atenci\u00f3n primaria en Osakidetza.<br><br><\/em>Llega el verano y la atenci\u00f3n primaria sufre una sobrecarga de trabajo motivada por la falta de sustituciones. Pero este a\u00f1o, adem\u00e1s, viene marcada por un documento creado por el Departamento de Salud, \u201cPlan operativo para la recuperaci\u00f3n asistencial en atenci\u00f3n primaria\u201d. Un documento que tiene fecha de inicio, pero que no nos aclara cu\u00e1nto va a durar dicha recuperaci\u00f3n asistencial.<\/p>\n\n\n\n<p>El Departamento de Salud habla de actividad retenida, de recuperar un tercio de la actividad asistencial, de consultas presenciales de alta resoluci\u00f3n y de una actividad de atenci\u00f3n especializada basada en la atenci\u00f3n telef\u00f3nica, tanto en la primera cita como en las sucesivas.<\/p>\n\n\n\n<p>La percepci\u00f3n de la plantilla de atenci\u00f3n primaria es bastante cr\u00edtica ante este documento. El personal m\u00e9dico ve su trabajo multiplicado y que su jornada no es suficiente. El documento para la reactivaci\u00f3n estima que una consulta telef\u00f3nica dura 10 minutos y que una presencial entre 15 y 20. Eso quiere decir que con 40 consultas telef\u00f3nicas en agenda y 10 presenciales, se supone que invierte como m\u00ednimo 550 minutos, es decir, m\u00e1s de 9 horas en una jornada de 7. Adem\u00e1s, tiene que registrar la informaci\u00f3n y tiene que discriminar a qui\u00e9n le da preferencia a la hora de hacer pruebas. Esta misma situaci\u00f3n de saturaci\u00f3n se repite en el resto de categor\u00edas que trabajan en el \u00e1mbito, como personal de enfermer\u00eda, auxiliares de enfermer\u00eda, personal celador, personal auxiliar administrativo y personal de limpieza.<\/p>\n\n\n\n<p>Los n\u00fameros no dan. Empezar el verano, como siempre, sin sustituciones y con actividad retenida no parece que sea el mejor de los planes para la recuperaci\u00f3n.<\/p>\n\n\n\n<p>Hay que a\u00f1adir que la alta resoluci\u00f3n de estas consultas presenciales va orientada a reducir el impacto en la atenci\u00f3n especializada. La atenci\u00f3n especializada tambi\u00e9n tiene reducidas sus agendas para limitar los aforos, y eso requiere de un trabajo a\u00f1adido de primaria, para permitirles ser m\u00e1s resolutivos en menos consultas. Una vez m\u00e1s, se sobrecarga de trabajo la atenci\u00f3n primaria, que ya estaba sobrecargada.<\/p>\n\n\n\n<p>El resultado de esta situaci\u00f3n es una atenci\u00f3n primaria con mucha m\u00e1s carga de trabajo de lo habitual, en un periodo vacacional que habitualmente ya es de sobrecarga para todo el personal por la falta de sustituciones.<\/p>\n\n\n\n<p>Es evidente que para que el plan sea operativo, es necesario que Osakidetza refuerce inmediatamente la atenci\u00f3n primaria, no s\u00f3lo a nivel de esta OSI o coyuntural, sino de forma permanente y en toda la red de Osakidetza. Es urgente poner encima de la mesa un nuevo modelo de atenci\u00f3n primaria, 100% p\u00fablico, de calidad, cercano, accesible y que no s\u00f3lo trate la enfermedad, sino que eduque para la salud.<\/p>\n","protected":false},"excerpt":{"rendered":"<p>La atenci\u00f3n primaria en la OSI Ezkerraldea-Enkarterri-Cruces es distinta e igual a la del resto de Osakidetza. Distinta, porque tiene sus particularidades e igual, porque sus problemas son comunes a toda la atenci\u00f3n primaria. Es decir, la situaci\u00f3n que denunciamos en esta OSI es la que sufre toda la atenci\u00f3n primaria en Osakidetza.<\/p>\n","protected":false},"author":1,"featured_media":22761,"comment_status":"closed","ping_status":"open","sticky":false,"template":"","format":"standard","meta":{"_monsterinsights_skip_tracking":false,"_monsterinsights_sitenote_active":false,"_monsterinsights_sitenote_note":"","_monsterinsights_sitenote_category":0,"footnotes":"","_links_to":"","_links_to_target":""},"categories":[3097],"tags":[3100],"class_list":{"0":"post-22763","1":"post","2":"type-post","3":"status-publish","4":"format-standard","5":"has-post-thumbnail","7":"category-sanidad","8":"tag-sanidad-es"},"_links":{"self":[{"href":"https:\/\/www.lab.eus\/es\/wp-json\/wp\/v2\/posts\/22763","targetHints":{"allow":["GET"]}}],"collection":[{"href":"https:\/\/www.lab.eus\/es\/wp-json\/wp\/v2\/posts"}],"about":[{"href":"https:\/\/www.lab.eus\/es\/wp-json\/wp\/v2\/types\/post"}],"author":[{"embeddable":true,"href":"https:\/\/www.lab.eus\/es\/wp-json\/wp\/v2\/users\/1"}],"replies":[{"embeddable":true,"href":"https:\/\/www.lab.eus\/es\/wp-json\/wp\/v2\/comments?post=22763"}],"version-history":[{"count":0,"href":"https:\/\/www.lab.eus\/es\/wp-json\/wp\/v2\/posts\/22763\/revisions"}],"wp:featuredmedia":[{"embeddable":true,"href":"https:\/\/www.lab.eus\/es\/wp-json\/wp\/v2\/media\/22761"}],"wp:attachment":[{"href":"https:\/\/www.lab.eus\/es\/wp-json\/wp\/v2\/media?parent=22763"}],"wp:term":[{"taxonomy":"category","embeddable":true,"href":"https:\/\/www.lab.eus\/es\/wp-json\/wp\/v2\/categories?post=22763"},{"taxonomy":"post_tag","embeddable":true,"href":"https:\/\/www.lab.eus\/es\/wp-json\/wp\/v2\/tags?post=22763"}],"curies":[{"name":"wp","href":"https:\/\/api.w.org\/{rel}","templated":true}]}}