{"id":22752,"date":"2020-07-30T10:51:00","date_gmt":"2020-07-30T10:51:00","guid":{"rendered":"https:\/\/www.lab.eus\/?p=22752"},"modified":"2020-08-28T10:52:27","modified_gmt":"2020-08-28T10:52:27","slug":"seguimos-movilizandonos-contra-el-erte-de-cementos-rezola","status":"publish","type":"post","link":"https:\/\/www.lab.eus\/es\/seguimos-movilizandonos-contra-el-erte-de-cementos-rezola\/","title":{"rendered":"Seguimos moviliz\u00e1ndonos contra el ERTE de Cementos Rezola"},"content":{"rendered":"\n<p><em>Las y los trabajadores de Cementos Rezola de A\u00f1orga han vuelto a protestar hoy ante la empresa contra la aplicaci\u00f3n del ERTE. La empresa est\u00e1 aplicando de manera unilateral un ERTE absolutamente injustificado. Existe carga de trabajo para todas y todos, hasta el punto de que la empresa est\u00e1 teniendo que recurrir a personal de subcontratas para poder realizar trabajos propios de la actividad.<br><br><\/em>En Cementos Rezola, actualmente, existe falta de personal para poder realizar correctamente los trabajos. Existe necesidad de inversiones y realizar eficazmente labores de prevenci\u00f3n y mantenimiento. Por el contrario, sobra imposici\u00f3n y ERTEs. Es por ello que LAB ha impugnado el ERTE ante la Audiencia Nacional.<\/p>\n\n\n\n<p>Mientras tanto, las los trabajadores seguiremos moviliz\u00e1ndonos contra el ERTE y a favor del respeto de los derechos de las y los trabajadores. Estas movilizaciones durar\u00e1n hasta que la empresa retire definitivamente el ERTE. En Cementos Rezola, \u00a1no al ERTE!<\/p>\n","protected":false},"excerpt":{"rendered":"<p>Las y los trabajadores de Cementos Rezola de A\u00f1orga han vuelto a protestar hoy ante la empresa contra la aplicaci\u00f3n del ERTE. La empresa est\u00e1 aplicando de manera unilateral un ERTE absolutamente injustificado. Existe carga de trabajo para todas y todos, hasta el punto de que la empresa est\u00e1 teniendo que recurrir a personal de subcontratas para poder realizar trabajos propios de la actividad.<\/p>\n","protected":false},"author":1,"featured_media":22750,"comment_status":"closed","ping_status":"open","sticky":false,"template":"","format":"standard","meta":{"_monsterinsights_skip_tracking":false,"_monsterinsights_sitenote_active":false,"_monsterinsights_sitenote_note":"","_monsterinsights_sitenote_category":0,"footnotes":"","_links_to":"","_links_to_target":""},"categories":[98],"tags":[1820,2996,3096],"class_list":{"0":"post-22752","1":"post","2":"type-post","3":"status-publish","4":"format-standard","5":"has-post-thumbnail","7":"category-es-industria-quimica","8":"tag-donostia","9":"tag-industria-es","10":"tag-industria-quimica"},"_links":{"self":[{"href":"https:\/\/www.lab.eus\/es\/wp-json\/wp\/v2\/posts\/22752","targetHints":{"allow":["GET"]}}],"collection":[{"href":"https:\/\/www.lab.eus\/es\/wp-json\/wp\/v2\/posts"}],"about":[{"href":"https:\/\/www.lab.eus\/es\/wp-json\/wp\/v2\/types\/post"}],"author":[{"embeddable":true,"href":"https:\/\/www.lab.eus\/es\/wp-json\/wp\/v2\/users\/1"}],"replies":[{"embeddable":true,"href":"https:\/\/www.lab.eus\/es\/wp-json\/wp\/v2\/comments?post=22752"}],"version-history":[{"count":0,"href":"https:\/\/www.lab.eus\/es\/wp-json\/wp\/v2\/posts\/22752\/revisions"}],"wp:featuredmedia":[{"embeddable":true,"href":"https:\/\/www.lab.eus\/es\/wp-json\/wp\/v2\/media\/22750"}],"wp:attachment":[{"href":"https:\/\/www.lab.eus\/es\/wp-json\/wp\/v2\/media?parent=22752"}],"wp:term":[{"taxonomy":"category","embeddable":true,"href":"https:\/\/www.lab.eus\/es\/wp-json\/wp\/v2\/categories?post=22752"},{"taxonomy":"post_tag","embeddable":true,"href":"https:\/\/www.lab.eus\/es\/wp-json\/wp\/v2\/tags?post=22752"}],"curies":[{"name":"wp","href":"https:\/\/api.w.org\/{rel}","templated":true}]}}