{"id":22743,"date":"2020-08-03T10:31:00","date_gmt":"2020-08-03T10:31:00","guid":{"rendered":"https:\/\/www.lab.eus\/?p=22743"},"modified":"2020-08-28T10:32:13","modified_gmt":"2020-08-28T10:32:13","slug":"exigimos-a-los-gobiernos-de-gasteiz-y-de-nafarroa-el-mantenimiento-del-empleo-y-condiciones-laborales-para-los-y-las-trabajadoras-de-comedores-escolares-y-transporte-escolar","status":"publish","type":"post","link":"https:\/\/www.lab.eus\/es\/exigimos-a-los-gobiernos-de-gasteiz-y-de-nafarroa-el-mantenimiento-del-empleo-y-condiciones-laborales-para-los-y-las-trabajadoras-de-comedores-escolares-y-transporte-escolar\/","title":{"rendered":"Exigimos a los gobiernos de Gasteiz y de Nafarroa el mantenimiento del empleo y condiciones laborales para los y las trabajadoras de comedores escolares y transporte escolar"},"content":{"rendered":"\n<p><em>Los diferentes Departamentos de Educaci\u00f3n, de manera unilateral, han planificado el inicio del curso estableciendo unas directrices generales para todos los centros educativos en las distintas \u00f3rdenes y protocolos emitidos, rechazando reunirse o trasladar informaci\u00f3n a LAB y ELA, de la situaci\u00f3n o afectaci\u00f3n que el servicio de comedor y transporte escolar van a tener, sin garant\u00eda de mantenimiento de empleo o medidas preventivas espec\u00edficas para el personal que presta estos servicios, dejando muchas de las decisiones y responsabilidades en manos de las direcciones de los distintos centros educativos.<br><br><\/em>Desde LAB y ELA hemos venido solicitando, de manera reiterada, mantener una reuni\u00f3n con los Departamentos de Educaci\u00f3n a fin de recabar la informaci\u00f3n correspondiente al inicio del curso escolar 2020\/2021, respecto a cu\u00e1l va a ser el funcionamiento para los servicios de comedor y transporte escolar, sin tener respuesta alguna.<\/p>\n\n\n\n<p>La informaci\u00f3n que desde los dos sindicatos tenemos es aquella que hemos recibido a trav\u00e9s de los medios de comunicaci\u00f3n o de las \u00f3rdenes o protocolos emitidos por parte de los departamentos, donde a\u00fan apareciendo que el comedor es una parte muy importante del sistema educativo, no se ha tenido en cuanta, al igual que el servicio de transporte escolar, y no se ha detallado ni su funcionamiento, n\u00famero y aforo de usuarios y usuarias, medidas preventivas o planes de contingencia.<\/p>\n\n\n\n<p>Los departamentos establecen unas criterios generales para todos los centros educativos de la CAPV y Navarra, dejando las decisiones y responsabilidades en manos de las direcciones de los centros, tanto para la oferta, supresi\u00f3n o modificaci\u00f3n de estos servicios, obviando al personal que presta estos servicios y no garantizando el mantenimiento del empleo para ninguno de los tres escenarios sobre los que trabaja.<\/p>\n\n\n\n<p>LAB y ELA exigimos a los Departamentos de Educaci\u00f3n mantener una reuni\u00f3n en la mayor brevedad posible, para poder tratar la situaci\u00f3n y el mantenimiento de empleo del colectivo de trabajadoras y trabajadores de estos servicios.<\/p>\n\n\n\n<p>De igual manera, trasladamos la solicitud de reuni\u00f3n a las diferentes patronales educativas (Kristau Eskolak, AICE-IZEA, Ikastolen Elkarteak, TRANSPARENCIA ANEG, &#8230;), ante la capacidad de decisi\u00f3n que tienen respecto a estos dos servicios y solicitaremos y daremos entrada de las solicitudes de reuni\u00f3n de manera escrita y oficial.<\/p>\n\n\n\n<p>LAB y ELA no vamos permitir ning\u00fan tipo de destrucci\u00f3n de empleo. La garant\u00eda del mantenimiento del empleo actual y sus condiciones laborales ser\u00e1n nuestra reivindicaci\u00f3n. Cualquier decisi\u00f3n contraria que no garantice el mantenimiento del empleo tendr\u00e1 a LAB y ELA enfrente.<\/p>\n\n\n\n<p>Dicho esto, desde los sindicatos LAB y ELA exigimos al Gobierno Vasco y al Gobierno de Navarra que garanticen el mantenimiento del empleo y las condiciones laborales actuales. No vamos a permitir ning\u00fan tipo de recorte ni de destrucci\u00f3n de empleo, y que en el caso que no sea as\u00ed, llamaremos al colectivo de trabajadoras y trabajadores a movilizaciones, incluida la convocatoria de huelga.<\/p>\n\n\n\n<p>Exigimos a los Departamentos de Educaci\u00f3n y patronales responsabilidad con la sociedad y con las trabajadoras y trabajadores del sector.<\/p>\n","protected":false},"excerpt":{"rendered":"<p>Los diferentes Departamentos de Educaci\u00f3n, de manera unilateral, han planificado el inicio del curso estableciendo unas directrices generales para todos los centros educativos en las distintas \u00f3rdenes y protocolos emitidos, rechazando reunirse o trasladar informaci\u00f3n a LAB y ELA, de la situaci\u00f3n o afectaci\u00f3n que el servicio de comedor y transporte escolar van a tener, sin garant\u00eda de mantenimiento de empleo o medidas preventivas espec\u00edficas para el personal que presta estos servicios, dejando muchas de las decisiones y responsabilidades en manos de las direcciones de los distintos centros educativos.<\/p>\n","protected":false},"author":1,"featured_media":22741,"comment_status":"closed","ping_status":"open","sticky":false,"template":"","format":"standard","meta":{"_monsterinsights_skip_tracking":false,"_monsterinsights_sitenote_active":false,"_monsterinsights_sitenote_note":"","_monsterinsights_sitenote_category":0,"footnotes":"","_links_to":"","_links_to_target":""},"categories":[3058],"tags":[730,3076,3027,3171],"class_list":{"0":"post-22743","1":"post","2":"type-post","3":"status-publish","4":"format-standard","5":"has-post-thumbnail","7":"category-cocinas-y-limpieza","8":"tag-cocinas","9":"tag-limpiadoras","10":"tag-servicios-publicos-3","11":"tag-servicios-publicos-es"},"_links":{"self":[{"href":"https:\/\/www.lab.eus\/es\/wp-json\/wp\/v2\/posts\/22743","targetHints":{"allow":["GET"]}}],"collection":[{"href":"https:\/\/www.lab.eus\/es\/wp-json\/wp\/v2\/posts"}],"about":[{"href":"https:\/\/www.lab.eus\/es\/wp-json\/wp\/v2\/types\/post"}],"author":[{"embeddable":true,"href":"https:\/\/www.lab.eus\/es\/wp-json\/wp\/v2\/users\/1"}],"replies":[{"embeddable":true,"href":"https:\/\/www.lab.eus\/es\/wp-json\/wp\/v2\/comments?post=22743"}],"version-history":[{"count":0,"href":"https:\/\/www.lab.eus\/es\/wp-json\/wp\/v2\/posts\/22743\/revisions"}],"wp:featuredmedia":[{"embeddable":true,"href":"https:\/\/www.lab.eus\/es\/wp-json\/wp\/v2\/media\/22741"}],"wp:attachment":[{"href":"https:\/\/www.lab.eus\/es\/wp-json\/wp\/v2\/media?parent=22743"}],"wp:term":[{"taxonomy":"category","embeddable":true,"href":"https:\/\/www.lab.eus\/es\/wp-json\/wp\/v2\/categories?post=22743"},{"taxonomy":"post_tag","embeddable":true,"href":"https:\/\/www.lab.eus\/es\/wp-json\/wp\/v2\/tags?post=22743"}],"curies":[{"name":"wp","href":"https:\/\/api.w.org\/{rel}","templated":true}]}}