{"id":22697,"date":"2020-08-11T10:15:00","date_gmt":"2020-08-11T10:15:00","guid":{"rendered":"https:\/\/www.lab.eus\/?p=22697"},"modified":"2020-08-27T11:15:07","modified_gmt":"2020-08-27T11:15:07","slug":"urge-poner-en-marcha-mecanismos-de-negociacion-en-nafarroa-para-una-vuelta-a-los-centros-escolares-segura-y-con-garantias","status":"publish","type":"post","link":"https:\/\/www.lab.eus\/es\/urge-poner-en-marcha-mecanismos-de-negociacion-en-nafarroa-para-una-vuelta-a-los-centros-escolares-segura-y-con-garantias\/","title":{"rendered":"Urge poner en marcha mecanismos de negociaci\u00f3n en Nafarroa para una vuelta a los centros escolares segura y con garant\u00edas"},"content":{"rendered":"\n<p><em>Todos los sindicatos con representaci\u00f3n en la Ense\u00f1anza navarra hemos vuelto a denunciar el plan presentado por el Gobierno de Nafarroa para el inicio del pr\u00f3ximo curso. No garantiza la seguridad y no aprovecha la oportunidad para realizar los cambios de calado necesarios actualmente en el \u00e1mbito de la Ense\u00f1anza.<br><br><\/em>Comunicado conjunto de los sindicatos:<\/p>\n\n\n\n<figure class=\"wp-block-image size-large\"><img loading=\"lazy\" decoding=\"async\" width=\"729\" height=\"1024\" src=\"https:\/\/www.lab.eus\/wp-content\/uploads\/2020\/08\/NafarroaGAZ-729x1024.jpg\" alt=\"\" class=\"wp-image-22698\" srcset=\"https:\/\/www.lab.eus\/wp-content\/uploads\/2020\/08\/NafarroaGAZ-729x1024.jpg 729w, https:\/\/www.lab.eus\/wp-content\/uploads\/2020\/08\/NafarroaGAZ-214x300.jpg 214w, https:\/\/www.lab.eus\/wp-content\/uploads\/2020\/08\/NafarroaGAZ-768x1079.jpg 768w, https:\/\/www.lab.eus\/wp-content\/uploads\/2020\/08\/NafarroaGAZ-150x211.jpg 150w, https:\/\/www.lab.eus\/wp-content\/uploads\/2020\/08\/NafarroaGAZ-300x421.jpg 300w, https:\/\/www.lab.eus\/wp-content\/uploads\/2020\/08\/NafarroaGAZ-696x978.jpg 696w, https:\/\/www.lab.eus\/wp-content\/uploads\/2020\/08\/NafarroaGAZ-299x420.jpg 299w, https:\/\/www.lab.eus\/wp-content\/uploads\/2020\/08\/NafarroaGAZ.jpg 1038w\" sizes=\"auto, (max-width: 729px) 100vw, 729px\" \/><\/figure>\n","protected":false},"excerpt":{"rendered":"<p>Todos los sindicatos con representaci\u00f3n en la Ense\u00f1anza navarra hemos vuelto a denunciar el plan presentado por el Gobierno de Nafarroa para el inicio del pr\u00f3ximo curso. No garantiza la seguridad y no aprovecha la oportunidad para realizar los cambios de calado necesarios actualmente en el \u00e1mbito de la Ense\u00f1anza.<\/p>\n","protected":false},"author":1,"featured_media":22695,"comment_status":"closed","ping_status":"open","sticky":false,"template":"","format":"standard","meta":{"_monsterinsights_skip_tracking":false,"_monsterinsights_sitenote_active":false,"_monsterinsights_sitenote_note":"","_monsterinsights_sitenote_category":0,"footnotes":"","_links_to":"","_links_to_target":""},"categories":[2990,33],"tags":[3026,3052,3031,574],"class_list":{"0":"post-22697","1":"post","2":"type-post","3":"status-publish","4":"format-standard","5":"has-post-thumbnail","7":"category-educacion","8":"category-es-ensenanza","9":"tag-educacion","10":"tag-ensenanza","11":"tag-nabarmendua-3","12":"tag-nafarroa"},"_links":{"self":[{"href":"https:\/\/www.lab.eus\/es\/wp-json\/wp\/v2\/posts\/22697","targetHints":{"allow":["GET"]}}],"collection":[{"href":"https:\/\/www.lab.eus\/es\/wp-json\/wp\/v2\/posts"}],"about":[{"href":"https:\/\/www.lab.eus\/es\/wp-json\/wp\/v2\/types\/post"}],"author":[{"embeddable":true,"href":"https:\/\/www.lab.eus\/es\/wp-json\/wp\/v2\/users\/1"}],"replies":[{"embeddable":true,"href":"https:\/\/www.lab.eus\/es\/wp-json\/wp\/v2\/comments?post=22697"}],"version-history":[{"count":0,"href":"https:\/\/www.lab.eus\/es\/wp-json\/wp\/v2\/posts\/22697\/revisions"}],"wp:featuredmedia":[{"embeddable":true,"href":"https:\/\/www.lab.eus\/es\/wp-json\/wp\/v2\/media\/22695"}],"wp:attachment":[{"href":"https:\/\/www.lab.eus\/es\/wp-json\/wp\/v2\/media?parent=22697"}],"wp:term":[{"taxonomy":"category","embeddable":true,"href":"https:\/\/www.lab.eus\/es\/wp-json\/wp\/v2\/categories?post=22697"},{"taxonomy":"post_tag","embeddable":true,"href":"https:\/\/www.lab.eus\/es\/wp-json\/wp\/v2\/tags?post=22697"}],"curies":[{"name":"wp","href":"https:\/\/api.w.org\/{rel}","templated":true}]}}