{"id":22579,"date":"2020-07-15T11:40:00","date_gmt":"2020-07-15T11:40:00","guid":{"rendered":"https:\/\/www.lab.eus\/?p=22579"},"modified":"2020-07-16T11:41:04","modified_gmt":"2020-07-16T11:41:04","slug":"los-trabajadores-y-las-trabajadoras-de-arcelor-mittal-olaberria-inician-paros-porque-la-empresa-sigue-sin-atender-sus-reivindicaciones","status":"publish","type":"post","link":"https:\/\/www.lab.eus\/es\/los-trabajadores-y-las-trabajadoras-de-arcelor-mittal-olaberria-inician-paros-porque-la-empresa-sigue-sin-atender-sus-reivindicaciones\/","title":{"rendered":"Los trabajadores y las trabajadoras de Arcelor Mittal Olaberria inician paros porque la empresa sigue sin atender sus reivindicaciones"},"content":{"rendered":"\n<p><em>La actitud que ha mostrado la direcci\u00f3n no ha dejado otra alternativa que realizar movilizaciones. Por ello, se han activado las movilizaciones acordadas en la asamblea de trabajadoras y trabajadores. As\u00ed, hoy, cada relevo ha parado durante su \u00faltima hora de la jornada y se ha realizado una concentraci\u00f3n delante de la porter\u00eda. El s\u00e1bado se volver\u00e1 a repetir.<br><br><\/em>La asamblea celebrada hace dos semanas dijo no al preacuerdo firmado en minor\u00eda por parte de ELA y UGT con la direcci\u00f3n. Adem\u00e1s, se dio el s\u00ed a la plataforma y planteamiento de movilizaciones acordado entre LAB y CCOO. De esa forma, se dio el s\u00ed a seguir negociando en torno a las reivindicaciones que hemos estado defendiendo durante los largos 16 meses del proceso negociador y acordamos medidas de presi\u00f3n para intentar darle la vuelta a la escasa voluntad de negociar que ha mostrado la direcci\u00f3n.<\/p>\n\n\n\n<p>Con el resultado de la asamblea en la mano, el mismo viernes 3 de julio, el comit\u00e9, por mayor\u00eda, traslada a direcci\u00f3n la petici\u00f3n de los y las trabajadoras de sentarse a negociar cuanto antes. Se propuso incluso fecha para ello, el martes 7 de julio. Sin embargo queremos denunciar firmemente la actitud que ha mostrado la direcci\u00f3n, ya que nos parece verdaderamente preocupante. Sin dar una respuesta clara y alegando motivos de \u201cagenda\u201d, rechaz\u00f3 reunirse para negociar. Lo hace sabiendo que su postura nos aboca a activar la agenda de movilizaciones acordada en la asamblea. Tampoco ha propuesto una fecha alternativa. Por ello queremos trasladar la pregunta: \u00bfno le parece a la direcci\u00f3n urgente sentarse a negociar tal y como se lo hemos pedido las y los trabajadores? \u00bfO es que no le ha gustado el resultado de la asamblea y le da igual el escenario conflictivo que deriva de la falta de voluntad para negociar?<\/p>\n\n\n\n<p>A lo largo todo el proceso negociador el objetivo de la empresa ha sido imponer un pacto que no diese respuesta a las principales reivindicaciones que los y las trabajadoras, que continuamente hemos puesto encima de la mesa. En ese contexto est\u00e1n los movimientos que antes tambi\u00e9n hemos denunciado p\u00fablicamente: aplicar el nuevo ERTE estatal de forma interesada (lo cual hemos denunciado en Inspecci\u00f3n de Trabajo) o prohibir la realizaci\u00f3n de una asamblea anterior. Sin embargo ante el resultado de la asamblea pensamos que la direcci\u00f3n est\u00e1 obligada a seguir negociando un pacto digno. Subidas salariales dignas, que los cambios en el calendario sean de mutuo acuerdo, la supervivencia de la caja de previsi\u00f3n a trav\u00e9s de la cual se complementan las bajas, garantizar que se realizar\u00e1 el contrato de relevo\u2026<\/p>\n\n\n\n<p>Por lo tanto, LAB de Arcelor Mittal Olaberria quiere hacer p\u00fablicamente un llamamiento a la direcci\u00f3n de la empresa para que siga negociando el pacto, haciendo caso a lo que decidi\u00f3 la asamblea de trabajadores y trabajadoras y con la voluntad de dar salida a las reivindicaciones que se han planteado. De la misma forma, queremos mostrar el compromiso de llevar a buen t\u00e9rmino las reivindicaciones y tendemos la mano a los y las trabajadoras para que tomen parte en las movilizaciones iniciadas.<\/p>\n","protected":false},"excerpt":{"rendered":"<p>La actitud que ha mostrado la direcci\u00f3n no ha dejado otra alternativa que realizar movilizaciones. Por ello, se han activado las movilizaciones acordadas en la asamblea de trabajadoras y trabajadores. As\u00ed, hoy, cada relevo ha parado durante su \u00faltima hora de la jornada y se ha realizado una concentraci\u00f3n delante de la porter\u00eda. El s\u00e1bado [&hellip;]<\/p>\n","protected":false},"author":1,"featured_media":22577,"comment_status":"closed","ping_status":"open","sticky":false,"template":"","format":"standard","meta":{"_monsterinsights_skip_tracking":false,"_monsterinsights_sitenote_active":false,"_monsterinsights_sitenote_note":"","_monsterinsights_sitenote_category":0,"footnotes":"","_links_to":"","_links_to_target":""},"categories":[108],"tags":[1533,2980,2996,3064,3067],"class_list":{"0":"post-22579","1":"post","2":"type-post","3":"status-publish","4":"format-standard","5":"has-post-thumbnail","7":"category-es-metal","8":"tag-arcelor-mittal","9":"tag-federaciones","10":"tag-industria-es","11":"tag-metal-es","12":"tag-olaberria"},"_links":{"self":[{"href":"https:\/\/www.lab.eus\/es\/wp-json\/wp\/v2\/posts\/22579","targetHints":{"allow":["GET"]}}],"collection":[{"href":"https:\/\/www.lab.eus\/es\/wp-json\/wp\/v2\/posts"}],"about":[{"href":"https:\/\/www.lab.eus\/es\/wp-json\/wp\/v2\/types\/post"}],"author":[{"embeddable":true,"href":"https:\/\/www.lab.eus\/es\/wp-json\/wp\/v2\/users\/1"}],"replies":[{"embeddable":true,"href":"https:\/\/www.lab.eus\/es\/wp-json\/wp\/v2\/comments?post=22579"}],"version-history":[{"count":0,"href":"https:\/\/www.lab.eus\/es\/wp-json\/wp\/v2\/posts\/22579\/revisions"}],"wp:featuredmedia":[{"embeddable":true,"href":"https:\/\/www.lab.eus\/es\/wp-json\/wp\/v2\/media\/22577"}],"wp:attachment":[{"href":"https:\/\/www.lab.eus\/es\/wp-json\/wp\/v2\/media?parent=22579"}],"wp:term":[{"taxonomy":"category","embeddable":true,"href":"https:\/\/www.lab.eus\/es\/wp-json\/wp\/v2\/categories?post=22579"},{"taxonomy":"post_tag","embeddable":true,"href":"https:\/\/www.lab.eus\/es\/wp-json\/wp\/v2\/tags?post=22579"}],"curies":[{"name":"wp","href":"https:\/\/api.w.org\/{rel}","templated":true}]}}