{"id":22331,"date":"2020-07-09T10:12:31","date_gmt":"2020-07-09T10:12:31","guid":{"rendered":"https:\/\/www.lab.eus\/?p=22331"},"modified":"2020-07-09T10:12:33","modified_gmt":"2020-07-09T10:12:33","slug":"inspeccion-de-trabajo-nos-da-definitivamente-la-razon-y-obliga-a-osakidetza-a-conceder-tiempo-para-el-aseo-personal-dentro-de-la-jornada-laboral","status":"publish","type":"post","link":"https:\/\/www.lab.eus\/es\/inspeccion-de-trabajo-nos-da-definitivamente-la-razon-y-obliga-a-osakidetza-a-conceder-tiempo-para-el-aseo-personal-dentro-de-la-jornada-laboral\/","title":{"rendered":"Inspecci\u00f3n de Trabajo nos da definitivamente la raz\u00f3n y obliga a Osakidetza a conceder tiempo para el aseo personal dentro de la jornada laboral"},"content":{"rendered":"\n<p><em>El pasado mes de abril, nuestras compa\u00f1eras de LAB en Garbialdi denunciaron ante Inspecci\u00f3n de Trabajo a su empresa (contrata) y a la OSI Bilbao-Basurto (contratante) por no aplicar el Real Decreto 664\/1997 de Riesgos Biol\u00f3gicos, denuncia que LAB ya hab\u00eda llevado en 2018 a Inspecci\u00f3n de Trabajo para que a las trabajadoras de residencias se les reconociese su exposici\u00f3n a estos riesgos.<br><br><\/em>Ya en mayo, Inspecci\u00f3n nos dio la raz\u00f3n y, por extensi\u00f3n, obligaba tambi\u00e9n a Osakidetza a tomar una serie de medidas en todas sus organizaciones y para todas las categor\u00edas. Presentadas alegaciones por Osakidetza, Inspecci\u00f3n de Trabajo las ha desetimado y de forma definitva, obliga a Osakidetza a tomar medidas inmediatas en todas sus OSIs y para todas las categor\u00edas para cumplir el Real Decreto de Riesgos Biol\u00f3gicos y que aplique a todo el personal los 10 minutos para que se puedan asear antes de la comida y al salir del trabajo; a pesar de las alegaciones y obst\u00e1culos de Osakidetza argumentando \u00abque solo se aplique al personal de laboratorio y que con un lavado de manos es suficiente\u00bb dejando fuera miles de personas trabajadoras expuestas al covid-19 en esta pandemia.<\/p>\n\n\n\n<p>Otra de las medidas que Inspecci\u00f3n exige de forma inmediata a Osakidetza es que el personal disponga de taquillas, en las cuales se pueda separar la ropa personal de la ropa contaminada.<\/p>\n\n\n\n<p>Con este requerimiento hemos vuelto a demostrar la indefensi\u00f3n de la plantilla que trabaja en Osakidetza y el no reconocimiento por parte del ente p\u00fablico ni de las empresas privadas contratadas de la magnitud de la exposici\u00f3n a la que se encuentran las personas que trabajan en sanidad, tanto las de empresas como Garbialdi como el personal propio de Osakidetza.<\/p>\n\n\n\n<p>Una vez m\u00e1s, hemos tenido que exigir el m\u00e1s m\u00ednimo cumplimiento de la propia ley mediante denuncias en instancias de inspecci\u00f3n o tribunales, dejando claro el abandono por parte de la direcci\u00f3n de Osakidetza de sus trabajadores y trabajadoras durante los duros y dif\u00edciles momentos de la pandemia. Mientras las autoridades nos aplaud\u00edan falsamente y se deshac\u00edan en elogios frente a las c\u00e1maras, en los hospitales y centros de salud nos abandonaban a nuestra suerte.<\/p>\n","protected":false},"excerpt":{"rendered":"<p>El pasado mes de abril, nuestras compa\u00f1eras de LAB en Garbialdi denunciaron ante Inspecci\u00f3n de Trabajo a su empresa (contrata) y a la OSI Bilbao-Basurto (contratante) por no aplicar el Real Decreto 664\/1997 de Riesgos Biol\u00f3gicos, denuncia que LAB ya hab\u00eda llevado en 2018 a Inspecci\u00f3n de Trabajo para que a las trabajadoras de residencias [&hellip;]<\/p>\n","protected":false},"author":1,"featured_media":22329,"comment_status":"closed","ping_status":"open","sticky":false,"template":"","format":"standard","meta":{"_monsterinsights_skip_tracking":false,"_monsterinsights_sitenote_active":false,"_monsterinsights_sitenote_note":"","_monsterinsights_sitenote_category":0,"footnotes":"","_links_to":"","_links_to_target":""},"categories":[3097],"tags":[3018,3016,572,3100,2986,3017],"class_list":{"0":"post-22331","1":"post","2":"type-post","3":"status-publish","4":"format-standard","5":"has-post-thumbnail","7":"category-sanidad","8":"tag-aseo-personal","9":"tag-inspeccion-de-trabajo","10":"tag-osakidetza","11":"tag-sanidad-es","12":"tag-sanidad-2","13":"tag-sanidad-publica-2"},"_links":{"self":[{"href":"https:\/\/www.lab.eus\/es\/wp-json\/wp\/v2\/posts\/22331","targetHints":{"allow":["GET"]}}],"collection":[{"href":"https:\/\/www.lab.eus\/es\/wp-json\/wp\/v2\/posts"}],"about":[{"href":"https:\/\/www.lab.eus\/es\/wp-json\/wp\/v2\/types\/post"}],"author":[{"embeddable":true,"href":"https:\/\/www.lab.eus\/es\/wp-json\/wp\/v2\/users\/1"}],"replies":[{"embeddable":true,"href":"https:\/\/www.lab.eus\/es\/wp-json\/wp\/v2\/comments?post=22331"}],"version-history":[{"count":0,"href":"https:\/\/www.lab.eus\/es\/wp-json\/wp\/v2\/posts\/22331\/revisions"}],"wp:featuredmedia":[{"embeddable":true,"href":"https:\/\/www.lab.eus\/es\/wp-json\/wp\/v2\/media\/22329"}],"wp:attachment":[{"href":"https:\/\/www.lab.eus\/es\/wp-json\/wp\/v2\/media?parent=22331"}],"wp:term":[{"taxonomy":"category","embeddable":true,"href":"https:\/\/www.lab.eus\/es\/wp-json\/wp\/v2\/categories?post=22331"},{"taxonomy":"post_tag","embeddable":true,"href":"https:\/\/www.lab.eus\/es\/wp-json\/wp\/v2\/tags?post=22331"}],"curies":[{"name":"wp","href":"https:\/\/api.w.org\/{rel}","templated":true}]}}