{"id":22322,"date":"2020-07-09T10:06:54","date_gmt":"2020-07-09T10:06:54","guid":{"rendered":"https:\/\/www.lab.eus\/?p=22322"},"modified":"2020-07-09T10:06:56","modified_gmt":"2020-07-09T10:06:56","slug":"hacemos-un-llamamiento-a-los-partidos-politicos-a-cumplir-los-compromisos-adquiridos-en-el-parlamento-en-torno-a-los-ratios","status":"publish","type":"post","link":"https:\/\/www.lab.eus\/es\/hacemos-un-llamamiento-a-los-partidos-politicos-a-cumplir-los-compromisos-adquiridos-en-el-parlamento-en-torno-a-los-ratios\/","title":{"rendered":"Hacemos un llamamiento a los partidos pol\u00edticos a cumplir los compromisos adquiridos en el Parlamento en torno a los ratios"},"content":{"rendered":"\n<p><em>Nos hemos movilizado ante la Diputaci\u00f3n Foral de Bizkaia con el lema \u201cCon los cuidados esenciales no se juega. Servicios p\u00fablicos, p\u00fablicos de verdad\u201d. Tal y como hemos denunciado reiteradamente, el deterioro del conjunto de servicios sociales es alarmante, tanto en el plano asistencial como el plano laboral.<br><br><\/em>La pandemia ha dejado de manifiesto la vital importancia de los mismos y ha acentuado la grave situaci\u00f3n en la que se encuentran, dejando en evidencia el actual modelo de servicios sociales de gesti\u00f3n privada, en el cual, priman los beneficios econ\u00f3micos ante la calidad del servicio y las condiciones en que se presta. En el mismo, est\u00e1n enquistados los enormes beneficios e intereses de una importante red clientelar vinculada a ex cargos del PNV, tal y como refleja la importante red de empresas gestoras de los centros residenciales de la tercera edad.<\/p>\n\n\n\n<p>Para el sindicato LAB, la necesidad de reformular el sistema de cuidados es total, tanto desde la dimensi\u00f3n del cuidado, de las condiciones laborales, del acceso al sistema de cuidados y de la gesti\u00f3n del mismo y edificar un sistema integral de cuidados de car\u00e1cter p\u00fablico, universal, de calidad y gratuito y reconociendo la fundamental funci\u00f3n que realizan las trabajadoras.<\/p>\n\n\n\n<p>Como parte de esa necesaria din\u00e1mica de reformulaci\u00f3n de los servicios sociales, recogimos m\u00e1s de 14.000 firmas que avalaban la necesidad de una regulaci\u00f3n adecuada para el conjunto de los servicios sociales en la que se incluyeran unos ratios de atenci\u00f3n suficientes en n\u00famero, por categor\u00edas y de car\u00e1cter presencial, asegurando una organizaci\u00f3n de los servicios adecuada a las necesidades de las personas usuarias y a los derechos laborales de las personas trabajadoras, garantizando la promoci\u00f3n de la salud laboral.<\/p>\n\n\n\n<p>En ese sentido, el Parlamento Vasco inst\u00f3 al Gobierno Vasco en 2016 a actualizar los decretos que regulan las prestaciones y servicios sociales, donde se regulan los ratios y otras cuestiones inherentes al personal. E inst\u00f3 a que en dicha elaboraci\u00f3n se contase con la participaci\u00f3n t\u00e9cnica de las y los representantes de las personas usuarias y del personal laboral as\u00ed como a garantizar unos servicios p\u00fablicos de calidad y unas condiciones de trabajo dignas para las personas trabajadoras.<\/p>\n\n\n\n<p>Sin embargo, el Gobierno Vasco aprob\u00f3 un decreto para centros residenciales de la tercera edad en agosto del 2019, sin la participaci\u00f3n de las personas trabajadoras ni de las personas usuarias. Tampoco tuvo en cuenta las alegaciones que se presentaron. Las ratios de atenci\u00f3n fijadas en el decreto no suponen ning\u00fan aumento de personal y no establece una ratio de car\u00e1cter presencial, por categor\u00edas y que tenga en cuenta los verdaderos perfiles de las personas usuarias. El propio informe jur\u00eddico del Departamento de Empleo y Pol\u00edticas Sociales advert\u00eda de la falta de justificaci\u00f3n y objetivaci\u00f3n para el establecimiento de las ratios fijadas.<\/p>\n\n\n\n<p>A finales del 2019, el propio parlamento vasco instaba al Gobierno Vasco a la revisi\u00f3n del Decreto en aquellas cuestiones fundamentales para garantizar una atenci\u00f3n de calidad, lo que deber\u00eda incluir unas adecuadas ratios de atenci\u00f3n.<\/p>\n\n\n\n<p>Estas ratios de atenci\u00f3n impuestos impiden el cumplimiento de los derechos de las personas usuarias y de las personas trabajadoras y condenan a estas a estar expuestas a graves riesgos laborales por los altos ritmos y cargas de trabajo.<\/p>\n\n\n\n<p>Desde el Sindicato LAB, instamos al parlamento que saldr\u00e1 de las elecciones del 12 de julio y al conjunto de fuerzas pol\u00edticas al cumplimiento de los compromisos adquiridos tanto en el propio parlamento. Es hora de pasar de los aplausos y las palmaditas en la espalda. Exigimos al Gobierno Vasco que garantice los derechos de las personas usuarias a recibir una intervenci\u00f3n centrada en las personas los derechos de las personas trabajadoras en unas \u00f3ptimas condiciones laborales, exentas de cualquier riesgo laboral y factor de precariedad. Ello como base para garantizar un sistema de cuidados p\u00fablico, universal, gratuito y de calidad.<\/p>\n","protected":false},"excerpt":{"rendered":"<p>Nos hemos movilizado ante la Diputaci\u00f3n Foral de Bizkaia con el lema \u201cCon los cuidados esenciales no se juega. Servicios p\u00fablicos, p\u00fablicos de verdad\u201d. Tal y como hemos denunciado reiteradamente, el deterioro del conjunto de servicios sociales es alarmante, tanto en el plano asistencial como el plano laboral. La pandemia ha dejado de manifiesto la [&hellip;]<\/p>\n","protected":false},"author":1,"featured_media":22321,"comment_status":"closed","ping_status":"open","sticky":false,"template":"","format":"standard","meta":{"_monsterinsights_skip_tracking":false,"_monsterinsights_sitenote_active":false,"_monsterinsights_sitenote_note":"","_monsterinsights_sitenote_category":0,"footnotes":"","_links_to":"","_links_to_target":""},"categories":[3000],"tags":[1034,3014,3013,3011,3171,1482,3012],"class_list":{"0":"post-22322","1":"post","2":"type-post","3":"status-publish","4":"format-standard","5":"has-post-thumbnail","7":"category-servicio-sociocomunitario","8":"tag-bilbo","9":"tag-diputacion-2","10":"tag-diputacion-de-bizkaia","11":"tag-servicio-sociocomunitario","12":"tag-servicios-publicos-es","13":"tag-servicios-publicos","14":"tag-sociocomunitario"},"_links":{"self":[{"href":"https:\/\/www.lab.eus\/es\/wp-json\/wp\/v2\/posts\/22322","targetHints":{"allow":["GET"]}}],"collection":[{"href":"https:\/\/www.lab.eus\/es\/wp-json\/wp\/v2\/posts"}],"about":[{"href":"https:\/\/www.lab.eus\/es\/wp-json\/wp\/v2\/types\/post"}],"author":[{"embeddable":true,"href":"https:\/\/www.lab.eus\/es\/wp-json\/wp\/v2\/users\/1"}],"replies":[{"embeddable":true,"href":"https:\/\/www.lab.eus\/es\/wp-json\/wp\/v2\/comments?post=22322"}],"version-history":[{"count":0,"href":"https:\/\/www.lab.eus\/es\/wp-json\/wp\/v2\/posts\/22322\/revisions"}],"wp:featuredmedia":[{"embeddable":true,"href":"https:\/\/www.lab.eus\/es\/wp-json\/wp\/v2\/media\/22321"}],"wp:attachment":[{"href":"https:\/\/www.lab.eus\/es\/wp-json\/wp\/v2\/media?parent=22322"}],"wp:term":[{"taxonomy":"category","embeddable":true,"href":"https:\/\/www.lab.eus\/es\/wp-json\/wp\/v2\/categories?post=22322"},{"taxonomy":"post_tag","embeddable":true,"href":"https:\/\/www.lab.eus\/es\/wp-json\/wp\/v2\/tags?post=22322"}],"curies":[{"name":"wp","href":"https:\/\/api.w.org\/{rel}","templated":true}]}}