{"id":21267,"date":"2020-05-19T07:48:31","date_gmt":"2020-05-19T07:48:31","guid":{"rendered":"https:\/\/www.lab.eus\/malestar-en-la-plantilla-del-112-de-nafarroa-por-atribuirsele-falsamente-la-funcion-de-vigilar-a-la-poblacion\/"},"modified":"2020-05-19T07:48:31","modified_gmt":"2020-05-19T07:48:31","slug":"malestar-en-la-plantilla-del-112-de-nafarroa-por-atribuirsele-falsamente-la-funcion-de-vigilar-a-la-poblacion","status":"publish","type":"post","link":"https:\/\/www.lab.eus\/es\/malestar-en-la-plantilla-del-112-de-nafarroa-por-atribuirsele-falsamente-la-funcion-de-vigilar-a-la-poblacion\/","title":{"rendered":"Malestar en la plantilla del 112 de Nafarroa por atribu\u00edrsele falsamente la funci\u00f3n de vigilar a la poblaci\u00f3n"},"content":{"rendered":"<p> <\/p>\n<div style=\"padding-right:15px;width:345px; float:left; border-right-style:solid; border-right-width:1px; border-right-color:#dddddd\"><img loading=\"lazy\" decoding=\"async\" class=\" size-full wp-image-21266\" src=\"https:\/\/www.lab.eus\/wp-content\/uploads\/2020\/05\/materiala_argazkiak_zerbitzuPublikoak_osasungintzaPublikoa_20_05_19SOS_ANEa.jpg\" width=\"345\" height=\"283\" alt=\"\" srcset=\"https:\/\/www.lab.eus\/wp-content\/uploads\/2020\/05\/materiala_argazkiak_zerbitzuPublikoak_osasungintzaPublikoa_20_05_19SOS_ANEa.jpg 246w, https:\/\/www.lab.eus\/wp-content\/uploads\/2020\/05\/materiala_argazkiak_zerbitzuPublikoak_osasungintzaPublikoa_20_05_19SOS_ANEa-150x123.jpg 150w\" sizes=\"auto, (max-width: 345px) 100vw, 345px\" \/><em><span style=\"font-size: 14px; \"><\/p>\n<p> La nota publicada por el Gobierno navarro &quot;adjudic&aacute;ndonos&quot; la labor de control a la ciudadan&iacute;a ha creado gran malestar en la plantilla del 112, por el desconocimiento de nuestros superiores y por la confusi&oacute;n a la que puede llevar a la poblaci&oacute;n navarra respecto a nuestra funci&oacute;n. A pesar de haberla solicitado, el Gobierno no ha realizado rectificaci&oacute;n alguna.<\/p>\n<p> <\/span><\/em>Ante la nota de prensa difundida a principios de este mes por el Gobierno de Navarra sobre las supuestas labores de vigilancia ejercidas por SOS Navarra-112 a trav&eacute;s de drones con el fin de detectar incumplimientos que pueda estar cometiendo la ciudadan&iacute;a durante el proceso de desescalada, desde la secci&oacute;n sindical de LAB en Protecci&oacute;n Civil queremos manifestar a la opini&oacute;n p&uacute;blica navarra que dicha informaci&oacute;n es falsa, totalmente falsa; el personal de la sala de SOS Navarra-112 en ning&uacute;n momento ha realizado labores de control ni de vigilancia de la poblaci&oacute;n. Ni es nuestro cometido, ni lo hemos realizado.<\/p>\n<p> No llegamos a entender qu&eacute; se pretende con la difusi&oacute;n de esa informaci&oacute;n falsa, pero lo que queda claro es un total desconocimiento por parte del Departamento de Presidencia, Igualdad, Funci&oacute;n P&uacute;blica e Interior de lo que es el Servicio de Protecci&oacute;n Civil y del trabajo que realizamos. Trabajo que no es otro que el que nos asigna la Ley Foral de Protecci&oacute;n Civil y Atenci&oacute;n de Emergencias de Navarra como bien deber&iacute;an saber nuestros superiores. Y este desconocimiento, sobra decirlo, nos parece una aut&eacute;ntica irresponsabilidad. <\/p>\n<p> Hemos transmitido tanto a las direcciones del Servicio de Protecci&oacute;n Civil y de Interior como al Departamento, el malestar de la plantilla y la petici&oacute;n de una rectificaci&oacute;n p&uacute;blica como pidi&oacute; la mayor&iacute;a del personal que trabaja en la Sala, para que la ciudadan&iacute;a tenga claro cu&aacute;les son las labores del servicio del 112, evitando as&iacute; una utilizaci&oacute;n incorrecta del n&uacute;mero de emergencias europeo.<\/p>\n<p> Ante la falta de respuesta y rectificaci&oacute;n alguna por parte del Gobierno de Navarra, nos vemos en la obligaci&oacute;n de informar a la ciudadan&iacute;a de que el n&uacute;mero 112 es exclusivamente un n&uacute;mero de atenci&oacute;n de emergencias, y que las trabajadoras que respondemos a esas llamadas ni hemos realizado, ni realizamos, ni vamos a realizar labores de control a la ciudadan&iacute;a.<br \/> &nbsp;<\/div>\n<div style=\"width:180px; float:left; padding-left:15px;\">\n<div style=\"text-align: center; \"><a href=\"\/rssak\"><input src=\"\/materiala\/argazkiak\/feed.png\" alt=\"RSSak\" longdesc=\"undefined\" width=\"30\" type=\"image\" height=\"30\" \/><\/a><a target=\"_blank\" href=\"http:\/\/www.facebook.com\/pages\/LAB-sindikatua\/292846207397345\" rel=\"noopener noreferrer\"><input src=\"\/modules\/mod_socialmediacloud\/icons\/facebook.png\" alt=\"LAB Facebooken\" longdesc=\"undefined\" width=\"30\" type=\"image\" height=\"30\" \/><\/a><a target=\"_blank\" href=\"http:\/\/issuu.com\/lab_argitalpenak\" rel=\"noopener noreferrer\"><input src=\"\/modules\/mod_socialmediacloud\/icons\/issuu.png\" longdesc=\"undefined\" width=\"30\" type=\"image\" height=\"30\" \/><\/a><a target=\"_blank\" href=\"http:\/\/es.scribd.com\/LABsindikatua\" rel=\"noopener noreferrer\"><input src=\"\/modules\/mod_socialmediacloud\/icons\/scribd.png\" longdesc=\"undefined\" width=\"30\" type=\"image\" height=\"30\" \/><br \/> <\/a><\/div>\n<div style=\"text-align: center; \"><a target=\"_blank\" href=\"http:\/\/twitter.com\/LABsindikatua\" rel=\"noopener noreferrer\"><input src=\"\/modules\/mod_socialmediacloud\/icons\/twitter.png\" longdesc=\"undefined\" width=\"30\" type=\"image\" height=\"30\" \/><\/a><a target=\"_blank\" href=\"http:\/\/www.youtube.com\/user\/labsindikatua\" rel=\"noopener noreferrer\"><input src=\"\/modules\/mod_socialmediacloud\/icons\/youtube.png\" longdesc=\"undefined\" width=\"30\" type=\"image\" height=\"30\" \/><\/a><a target=\"_blank\" href=\"http:\/\/www.flickr.com\/photos\/lab-sindikatua\/\" rel=\"noopener noreferrer\"><input src=\"\/modules\/mod_socialmediacloud\/icons\/flickr.png\" longdesc=\"undefined\" width=\"30\" type=\"image\" height=\"30\" \/><\/a><a href=\"http:\/\/www.labsindikatua.org\/eu\/hasiera\/upload\"><input src=\"\/modules\/mod_socialmediacloud\/icons\/igo.png\" longdesc=\"undefined\" width=\"30\" type=\"image\" height=\"30\" \/><\/a><\/div>\n<p> &nbsp;<\/p><\/div>\n<div>&nbsp;<\/div>\n","protected":false},"excerpt":{"rendered":"<p>La nota publicada por el Gobierno navarro &quot;adjudic&aacute;ndonos&quot; la labor de control a la ciudadan&iacute;a ha creado gran malestar en la plantilla del 112, por el desconocimiento de nuestros superiores y por la confusi&oacute;n a la que puede llevar a la poblaci&oacute;n navarra respecto a nuestra funci&oacute;n. A pesar de haberla solicitado, el Gobierno no [&hellip;]<\/p>\n","protected":false},"author":1,"featured_media":21266,"comment_status":"open","ping_status":"open","sticky":false,"template":"","format":"standard","meta":{"_monsterinsights_skip_tracking":false,"_monsterinsights_sitenote_active":false,"_monsterinsights_sitenote_note":"","_monsterinsights_sitenote_category":0,"footnotes":"","_links_to":"","_links_to_target":""},"categories":[3097],"tags":[3100],"class_list":{"0":"post-21267","1":"post","2":"type-post","3":"status-publish","4":"format-standard","5":"has-post-thumbnail","7":"category-sanidad","8":"tag-sanidad-es"},"_links":{"self":[{"href":"https:\/\/www.lab.eus\/es\/wp-json\/wp\/v2\/posts\/21267","targetHints":{"allow":["GET"]}}],"collection":[{"href":"https:\/\/www.lab.eus\/es\/wp-json\/wp\/v2\/posts"}],"about":[{"href":"https:\/\/www.lab.eus\/es\/wp-json\/wp\/v2\/types\/post"}],"author":[{"embeddable":true,"href":"https:\/\/www.lab.eus\/es\/wp-json\/wp\/v2\/users\/1"}],"replies":[{"embeddable":true,"href":"https:\/\/www.lab.eus\/es\/wp-json\/wp\/v2\/comments?post=21267"}],"version-history":[{"count":0,"href":"https:\/\/www.lab.eus\/es\/wp-json\/wp\/v2\/posts\/21267\/revisions"}],"wp:featuredmedia":[{"embeddable":true,"href":"https:\/\/www.lab.eus\/es\/wp-json\/wp\/v2\/media\/21266"}],"wp:attachment":[{"href":"https:\/\/www.lab.eus\/es\/wp-json\/wp\/v2\/media?parent=21267"}],"wp:term":[{"taxonomy":"category","embeddable":true,"href":"https:\/\/www.lab.eus\/es\/wp-json\/wp\/v2\/categories?post=21267"},{"taxonomy":"post_tag","embeddable":true,"href":"https:\/\/www.lab.eus\/es\/wp-json\/wp\/v2\/tags?post=21267"}],"curies":[{"name":"wp","href":"https:\/\/api.w.org\/{rel}","templated":true}]}}