{"id":21226,"date":"2020-05-11T07:00:01","date_gmt":"2020-05-11T07:00:01","guid":{"rendered":"https:\/\/www.lab.eus\/presentaremos-en-las-instituciones-forales-una-propuesta-de-reforma-fiscal-con-el-fin-de-sentar-bases-solidas-para-la-reconstruccion-economica-y-social\/"},"modified":"2020-05-11T07:00:01","modified_gmt":"2020-05-11T07:00:01","slug":"presentaremos-en-las-instituciones-forales-una-propuesta-de-reforma-fiscal-con-el-fin-de-sentar-bases-solidas-para-la-reconstruccion-economica-y-social","status":"publish","type":"post","link":"https:\/\/www.lab.eus\/es\/presentaremos-en-las-instituciones-forales-una-propuesta-de-reforma-fiscal-con-el-fin-de-sentar-bases-solidas-para-la-reconstruccion-economica-y-social\/","title":{"rendered":"Presentaremos en las instituciones forales una propuesta de reforma fiscal con el fin de sentar bases s\u00f3lidas para la reconstrucci\u00f3n econ\u00f3mica y social"},"content":{"rendered":"<p> <\/p>\n<div style=\"padding-right:15px;width:345px; float:left; border-right-style:solid; border-right-width:1px; border-right-color:#dddddd\"><img loading=\"lazy\" decoding=\"async\" class=\" size-full wp-image-21223\" src=\"https:\/\/www.lab.eus\/wp-content\/uploads\/2020\/05\/materiala_argazkiak_sozio-ekonomia_20_05_11Fiskalitatea_Garbine1.jpg\" width=\"345\" height=\"188\" alt=\"\" srcset=\"https:\/\/www.lab.eus\/wp-content\/uploads\/2020\/05\/materiala_argazkiak_sozio-ekonomia_20_05_11Fiskalitatea_Garbine1.jpg 720w, https:\/\/www.lab.eus\/wp-content\/uploads\/2020\/05\/materiala_argazkiak_sozio-ekonomia_20_05_11Fiskalitatea_Garbine1-300x163.jpg 300w, https:\/\/www.lab.eus\/wp-content\/uploads\/2020\/05\/materiala_argazkiak_sozio-ekonomia_20_05_11Fiskalitatea_Garbine1-150x82.jpg 150w, https:\/\/www.lab.eus\/wp-content\/uploads\/2020\/05\/materiala_argazkiak_sozio-ekonomia_20_05_11Fiskalitatea_Garbine1-696x379.jpg 696w\" sizes=\"auto, (max-width: 345px) 100vw, 345px\" \/><em><span style=\"font-size: 14px; \"><\/p>\n<p> Garbi&ntilde;e Aranburu ha comparecido para dar a conocer la propuesta de reforma fiscal que el sindicato presentar&aacute; en las instituciones forales de Araba, Bizkaia, Gipuzkoa y Nafarroa. Hemos realizado un an&aacute;lisis sobre la fiscalidad actual y en el informe hemos constatado que el sobreesfuerzo fiscal que soportan las rentas del trabajo y el consumo contrasta con la reducida fiscalidad que grava los beneficios empresariales, las rentas de capital y la riqueza. Por ello, con el fin de asentar una fiscalidad m&aacute;s justa y redistributiva, reivindicamos aumentar el volumen de ingresos p&uacute;blicos para blindar los servicios p&uacute;blicos esenciales; garantizar la equidad fiscal y la progresividad impositiva; y mejorar la capacidad distributiva del sistema tributario para reducir las desigualdades y luchar contra la pobreza. <\/span><\/em><\/p>\n<div style=\"font-family: Times; font-size: medium; border-style: solid; border-width: 1px; border-color: rgb(221, 221, 221); background-color: rgb(237, 237, 237); padding: 5px;\"><i><span style=\"font-size: 13px;\"><span style=\"font-family: &quot;Arial Narrow&quot;;\"><strong><input type=\"image\" src=\"http:\/\/www.labsindikatua.org\/materiala\/argazkiak\/euskalHerria\/EuskalHerriakBereBidea\/ikonoak\/testua.png\" \/>&nbsp;<u><span style=\"color: rgb(0, 0, 0);\"><span style=\"color: rgb(0, 0, 0);\"><a href=\"https:\/\/www.lab.eus\/wp-content\/uploads\/2020\/05\/materiala_argazkiak_sozio-ekonomia_20_05_11Fiskalitatea_Fiskalitatea.pdf\"><span style=\"color: rgb(0, 0, 0);\">Fiskalitateari buruzko azterketa. Gehiago eta modu progresiboagoan biltzeko aldaketa-proposamena<\/span><\/a><\/span><\/span><\/u><\/strong><\/span><\/span><\/i><i><span style=\"font-size: 13px;\"><span style=\"font-family: &quot;Arial Narrow&quot;;\"><strong><\/p>\n<p> <\/strong><\/span><\/span><\/i><i><span style=\"font-size: 13px;\"><span style=\"font-family: &quot;Arial Narrow&quot;;\"><strong><input type=\"image\" src=\"http:\/\/www.labsindikatua.org\/materiala\/argazkiak\/euskalHerria\/EuskalHerriakBereBidea\/ikonoak\/testua.png\" \/>&nbsp;<\/strong><\/span><\/span><\/i><i><span style=\"font-size: 13px;\"><span style=\"font-family: &quot;Arial Narrow&quot;;\"><strong><u><span style=\"color: rgb(0, 0, 0);\"><span style=\"color: rgb(0, 0, 0);\"><a href=\"https:\/\/www.lab.eus\/wp-content\/uploads\/2020\/05\/materiala_argazkiak_sozio-ekonomia_20_05_11Fiskalitatea_Fiscalidad.pdf\"><span style=\"color: rgb(0, 0, 0);\">An&aacute;lisis sobre fiscalidad. Propuesta de cambios para recaudar m&aacute;s y de forma m&aacute;s progresiva<\/span><\/a><\/span><\/span><\/u><\/strong><\/span><\/span><\/i><\/div>\n<p> <em><span style=\"font-size: 14px; \"> <br \/> <\/span><\/em>&quot;Adem&aacute;s del elevado n&uacute;mero de v&iacute;ctimas mortales y del da&ntilde;o provocado en la salud de las personas, la propagaci&oacute;n de la pandemia tambi&eacute;n tiene serias repercusiones en los &aacute;mbitos econ&oacute;mico, laboral y social. En ambos casos proteger a las personas debe ser la prioridad. Para salvar vidas, velar por su salud y garantizar un nivel de bienestar adecuado a quienes han perdido su fuente de ingresos o se encuentran en situaci&oacute;n de vulnerabilidad&quot;.<\/p>\n<p> Es un extracto del informe sore fiscalidad presentado hoy por la secretaria general Garbi&ntilde;e Aranburu. Concretamente, junto al informe hemos dado a conocer nuestra propuesta de reforma fiscal que haremos llegar a las instituciones forales de Araba, Bizkaia, Gipuzkoa y Nafarroa, al considerar que la actual fiscalidad&nbsp;resulta &eacute;ticamente inaceptable, econ&oacute;micamente injustificable y socialmente insoportable.&nbsp;<\/p>\n<p> Eso s&iacute;, los cambios que proponemos para asentar una fiscalidad m&aacute;s justa y redistributiva no deber&iacute;an tener un car&aacute;cter excepcional o temporal, sino que han de ser incorporados de forma definitiva con la finalidad de lograr estos tres objetivos primordiales: <\/p>\n<p> &#8211; Aumentar el volumen de ingresos p&uacute;blicos para blindar los servicios p&uacute;blicos esenciales.  <\/p>\n<p> &#8211; Garantizar la equidad fiscal y la progresividad impositiva para que contribuyan m&aacute;s quienes m&aacute;s riqueza acumulan y quienes tienen mayores ingresos.  <\/p>\n<p> &#8211; Mejorar la capacidad distributiva del sistema tributario para reducir las desigualdades y luchar contra la pobreza.   <\/p>\n<p> El reto es reforzar el sistema tributario y sentar bases s&oacute;lidas para la reconstrucci&oacute;n econ&oacute;mica y social. Para ello, la propuesta aboga por recaudar m&aacute;s y de forma m&aacute;s progresiva, con este principio como eje: la posesi&oacute;n de riqueza es una evidente manifestaci&oacute;n de capacidad econ&oacute;mica y como tal debe ser gravada.<\/p>\n<p> &nbsp;<\/div>\n<div style=\"width:180px; float:left; padding-left:15px;\">\n<div style=\"text-align: center; \"><a href=\"\/rssak\"><input src=\"\/materiala\/argazkiak\/feed.png\" alt=\"RSSak\" longdesc=\"undefined\" width=\"30\" type=\"image\" height=\"30\" \/><\/a><a target=\"_blank\" href=\"http:\/\/www.facebook.com\/pages\/LAB-sindikatua\/292846207397345\" rel=\"noopener noreferrer\"><input src=\"\/modules\/mod_socialmediacloud\/icons\/facebook.png\" alt=\"LAB Facebooken\" longdesc=\"undefined\" width=\"30\" type=\"image\" height=\"30\" \/><\/a><a target=\"_blank\" href=\"http:\/\/issuu.com\/lab_argitalpenak\" rel=\"noopener noreferrer\"><input src=\"\/modules\/mod_socialmediacloud\/icons\/issuu.png\" longdesc=\"undefined\" width=\"30\" type=\"image\" height=\"30\" \/><\/a><a target=\"_blank\" href=\"http:\/\/es.scribd.com\/LABsindikatua\" rel=\"noopener noreferrer\"><input src=\"\/modules\/mod_socialmediacloud\/icons\/scribd.png\" longdesc=\"undefined\" width=\"30\" type=\"image\" height=\"30\" \/><br \/> <\/a><\/div>\n<div style=\"text-align: center; \"><a target=\"_blank\" href=\"http:\/\/twitter.com\/LABsindikatua\" rel=\"noopener noreferrer\"><input src=\"\/modules\/mod_socialmediacloud\/icons\/twitter.png\" longdesc=\"undefined\" width=\"30\" type=\"image\" height=\"30\" \/><\/a><a target=\"_blank\" href=\"http:\/\/www.youtube.com\/user\/labsindikatua\" rel=\"noopener noreferrer\"><input src=\"\/modules\/mod_socialmediacloud\/icons\/youtube.png\" longdesc=\"undefined\" width=\"30\" type=\"image\" height=\"30\" \/><\/a><a target=\"_blank\" href=\"http:\/\/www.flickr.com\/photos\/lab-sindikatua\/\" rel=\"noopener noreferrer\"><input src=\"\/modules\/mod_socialmediacloud\/icons\/flickr.png\" longdesc=\"undefined\" width=\"30\" type=\"image\" height=\"30\" \/><\/a><a href=\"http:\/\/www.labsindikatua.org\/eu\/hasiera\/upload\"><input src=\"\/modules\/mod_socialmediacloud\/icons\/igo.png\" longdesc=\"undefined\" width=\"30\" type=\"image\" height=\"30\" \/><\/a><\/div>\n<p> &nbsp;<\/p><\/div>\n<div>&nbsp;<\/div>\n","protected":false},"excerpt":{"rendered":"<p>Garbi&ntilde;e Aranburu ha comparecido para dar a conocer la propuesta de reforma fiscal que el sindicato presentar&aacute; en las instituciones forales de Araba, Bizkaia, Gipuzkoa y Nafarroa. Hemos realizado un an&aacute;lisis sobre la fiscalidad actual y en el informe hemos constatado que el sobreesfuerzo fiscal que soportan las rentas del trabajo y el consumo contrasta [&hellip;]<\/p>\n","protected":false},"author":1,"featured_media":21223,"comment_status":"open","ping_status":"open","sticky":false,"template":"","format":"standard","meta":{"_monsterinsights_skip_tracking":false,"_monsterinsights_sitenote_active":false,"_monsterinsights_sitenote_note":"","_monsterinsights_sitenote_category":0,"footnotes":"","_links_to":"","_links_to_target":""},"categories":[2998],"tags":[],"class_list":{"0":"post-21226","1":"post","2":"type-post","3":"status-publish","4":"format-standard","5":"has-post-thumbnail","7":"category-uncategorized-eu-es"},"_links":{"self":[{"href":"https:\/\/www.lab.eus\/es\/wp-json\/wp\/v2\/posts\/21226","targetHints":{"allow":["GET"]}}],"collection":[{"href":"https:\/\/www.lab.eus\/es\/wp-json\/wp\/v2\/posts"}],"about":[{"href":"https:\/\/www.lab.eus\/es\/wp-json\/wp\/v2\/types\/post"}],"author":[{"embeddable":true,"href":"https:\/\/www.lab.eus\/es\/wp-json\/wp\/v2\/users\/1"}],"replies":[{"embeddable":true,"href":"https:\/\/www.lab.eus\/es\/wp-json\/wp\/v2\/comments?post=21226"}],"version-history":[{"count":0,"href":"https:\/\/www.lab.eus\/es\/wp-json\/wp\/v2\/posts\/21226\/revisions"}],"wp:featuredmedia":[{"embeddable":true,"href":"https:\/\/www.lab.eus\/es\/wp-json\/wp\/v2\/media\/21223"}],"wp:attachment":[{"href":"https:\/\/www.lab.eus\/es\/wp-json\/wp\/v2\/media?parent=21226"}],"wp:term":[{"taxonomy":"category","embeddable":true,"href":"https:\/\/www.lab.eus\/es\/wp-json\/wp\/v2\/categories?post=21226"},{"taxonomy":"post_tag","embeddable":true,"href":"https:\/\/www.lab.eus\/es\/wp-json\/wp\/v2\/tags?post=21226"}],"curies":[{"name":"wp","href":"https:\/\/api.w.org\/{rel}","templated":true}]}}