{"id":20979,"date":"2020-03-13T08:04:17","date_gmt":"2020-03-13T08:04:17","guid":{"rendered":"https:\/\/www.lab.eus\/denunciamos-la-pesima-gestion-de-las-empresas-de-colectividades-y-el-propio-gobierno-vasco-en-relacion-al-cese-de-actividad-en-los-comedores-escolares-hospitales-y-demas-centros-de-trabajo\/"},"modified":"2020-03-13T08:04:17","modified_gmt":"2020-03-13T08:04:17","slug":"denunciamos-la-pesima-gestion-de-las-empresas-de-colectividades-y-el-propio-gobierno-vasco-en-relacion-al-cese-de-actividad-en-los-comedores-escolares-hospitales-y-demas-centros-de-trabajo","status":"publish","type":"post","link":"https:\/\/www.lab.eus\/es\/denunciamos-la-pesima-gestion-de-las-empresas-de-colectividades-y-el-propio-gobierno-vasco-en-relacion-al-cese-de-actividad-en-los-comedores-escolares-hospitales-y-demas-centros-de-trabajo\/","title":{"rendered":"Denunciamos la p\u00e9sima gesti\u00f3n de las empresas de colectividades y el propio Gobierno Vasco en relaci\u00f3n al cese de actividad en los comedores escolares, hospitales y dem\u00e1s centros de trabajo"},"content":{"rendered":"<div style=\"padding-right:15px;width:345px; float:left; border-right-style:solid; border-right-width:1px; border-right-color:#dddddd\"><em><span style=\"font-size: 14px; \">Adem&aacute;s de tener que soportar la precariedad de este sector, que se caracteriza por contratos parciales, de sueldos irrisorios, una gran brecha salarial&#8230; Ahora tambi&eacute;n tenemos que soportar, que las empresas nos presenten EREs y que el Gobierno Vasco se limpie las manos dejando el mando absoluto a la patronal.<\/p>\n<p> <\/span><\/em><img loading=\"lazy\" decoding=\"async\" class=\" size-full wp-image-20978\" src=\"https:\/\/www.lab.eus\/wp-content\/uploads\/2020\/03\/materiala_argazkiak_zerbitzuPribatuak_bestelakoak_20_03_13Kolektibitateak_Kolektibitateak-GAZ.jpg\" width=\"345\" height=\"488\" alt=\"\" srcset=\"https:\/\/www.lab.eus\/wp-content\/uploads\/2020\/03\/materiala_argazkiak_zerbitzuPribatuak_bestelakoak_20_03_13Kolektibitateak_Kolektibitateak-GAZ.jpg 1240w, https:\/\/www.lab.eus\/wp-content\/uploads\/2020\/03\/materiala_argazkiak_zerbitzuPribatuak_bestelakoak_20_03_13Kolektibitateak_Kolektibitateak-GAZ-212x300.jpg 212w, https:\/\/www.lab.eus\/wp-content\/uploads\/2020\/03\/materiala_argazkiak_zerbitzuPribatuak_bestelakoak_20_03_13Kolektibitateak_Kolektibitateak-GAZ-724x1024.jpg 724w, https:\/\/www.lab.eus\/wp-content\/uploads\/2020\/03\/materiala_argazkiak_zerbitzuPribatuak_bestelakoak_20_03_13Kolektibitateak_Kolektibitateak-GAZ-768x1086.jpg 768w, https:\/\/www.lab.eus\/wp-content\/uploads\/2020\/03\/materiala_argazkiak_zerbitzuPribatuak_bestelakoak_20_03_13Kolektibitateak_Kolektibitateak-GAZ-1087x1536.jpg 1087w, https:\/\/www.lab.eus\/wp-content\/uploads\/2020\/03\/materiala_argazkiak_zerbitzuPribatuak_bestelakoak_20_03_13Kolektibitateak_Kolektibitateak-GAZ-150x212.jpg 150w, https:\/\/www.lab.eus\/wp-content\/uploads\/2020\/03\/materiala_argazkiak_zerbitzuPribatuak_bestelakoak_20_03_13Kolektibitateak_Kolektibitateak-GAZ-300x424.jpg 300w, https:\/\/www.lab.eus\/wp-content\/uploads\/2020\/03\/materiala_argazkiak_zerbitzuPribatuak_bestelakoak_20_03_13Kolektibitateak_Kolektibitateak-GAZ-696x984.jpg 696w, https:\/\/www.lab.eus\/wp-content\/uploads\/2020\/03\/materiala_argazkiak_zerbitzuPribatuak_bestelakoak_20_03_13Kolektibitateak_Kolektibitateak-GAZ-1068x1510.jpg 1068w, https:\/\/www.lab.eus\/wp-content\/uploads\/2020\/03\/materiala_argazkiak_zerbitzuPribatuak_bestelakoak_20_03_13Kolektibitateak_Kolektibitateak-GAZ-297x420.jpg 297w\" sizes=\"auto, (max-width: 345px) 100vw, 345px\" \/><br \/> &nbsp;<\/div>\n<div style=\"width:180px; float:left; padding-left:15px;\">\n<div style=\"text-align: center; \"><a href=\"\/rssak\"><input src=\"\/materiala\/argazkiak\/feed.png\" alt=\"RSSak\" longdesc=\"undefined\" width=\"30\" type=\"image\" height=\"30\" \/><\/a><a target=\"_blank\" href=\"http:\/\/www.facebook.com\/pages\/LAB-sindikatua\/292846207397345\" rel=\"noopener noreferrer\"><input src=\"\/modules\/mod_socialmediacloud\/icons\/facebook.png\" alt=\"LAB Facebooken\" longdesc=\"undefined\" width=\"30\" type=\"image\" height=\"30\" \/><\/a><a target=\"_blank\" href=\"http:\/\/issuu.com\/lab_argitalpenak\" rel=\"noopener noreferrer\"><input src=\"\/modules\/mod_socialmediacloud\/icons\/issuu.png\" longdesc=\"undefined\" width=\"30\" type=\"image\" height=\"30\" \/><\/a><a target=\"_blank\" href=\"http:\/\/es.scribd.com\/LABsindikatua\" rel=\"noopener noreferrer\"><input src=\"\/modules\/mod_socialmediacloud\/icons\/scribd.png\" longdesc=\"undefined\" width=\"30\" type=\"image\" height=\"30\" \/><br \/> <\/a><\/div>\n<div style=\"text-align: center; \"><a target=\"_blank\" href=\"http:\/\/twitter.com\/LABsindikatua\" rel=\"noopener noreferrer\"><input src=\"\/modules\/mod_socialmediacloud\/icons\/twitter.png\" longdesc=\"undefined\" width=\"30\" type=\"image\" height=\"30\" \/><\/a><a target=\"_blank\" href=\"http:\/\/www.youtube.com\/user\/labsindikatua\" rel=\"noopener noreferrer\"><input src=\"\/modules\/mod_socialmediacloud\/icons\/youtube.png\" longdesc=\"undefined\" width=\"30\" type=\"image\" height=\"30\" \/><\/a><a target=\"_blank\" href=\"http:\/\/www.flickr.com\/photos\/lab-sindikatua\/\" rel=\"noopener noreferrer\"><input src=\"\/modules\/mod_socialmediacloud\/icons\/flickr.png\" longdesc=\"undefined\" width=\"30\" type=\"image\" height=\"30\" \/><\/a><a href=\"http:\/\/www.labsindikatua.org\/eu\/hasiera\/upload\"><input src=\"\/modules\/mod_socialmediacloud\/icons\/igo.png\" longdesc=\"undefined\" width=\"30\" type=\"image\" height=\"30\" \/><\/a><\/div>\n<p> &nbsp;<\/p><\/div>\n<div>&nbsp;<\/div>\n","protected":false},"excerpt":{"rendered":"<p>Adem&aacute;s de tener que soportar la precariedad de este sector, que se caracteriza por contratos parciales, de sueldos irrisorios, una gran brecha salarial&#8230; Ahora tambi&eacute;n tenemos que soportar, que las empresas nos presenten EREs y que el Gobierno Vasco se limpie las manos dejando el mando absoluto a la patronal. &nbsp; &nbsp; &nbsp;<\/p>\n","protected":false},"author":1,"featured_media":20978,"comment_status":"open","ping_status":"open","sticky":false,"template":"","format":"standard","meta":{"_monsterinsights_skip_tracking":false,"_monsterinsights_sitenote_active":false,"_monsterinsights_sitenote_note":"","_monsterinsights_sitenote_category":0,"footnotes":"","_links_to":"","_links_to_target":""},"categories":[2937,2998],"tags":[],"class_list":{"0":"post-20979","1":"post","2":"type-post","3":"status-publish","4":"format-standard","5":"has-post-thumbnail","7":"category-otros","8":"category-uncategorized-eu-es"},"_links":{"self":[{"href":"https:\/\/www.lab.eus\/es\/wp-json\/wp\/v2\/posts\/20979","targetHints":{"allow":["GET"]}}],"collection":[{"href":"https:\/\/www.lab.eus\/es\/wp-json\/wp\/v2\/posts"}],"about":[{"href":"https:\/\/www.lab.eus\/es\/wp-json\/wp\/v2\/types\/post"}],"author":[{"embeddable":true,"href":"https:\/\/www.lab.eus\/es\/wp-json\/wp\/v2\/users\/1"}],"replies":[{"embeddable":true,"href":"https:\/\/www.lab.eus\/es\/wp-json\/wp\/v2\/comments?post=20979"}],"version-history":[{"count":0,"href":"https:\/\/www.lab.eus\/es\/wp-json\/wp\/v2\/posts\/20979\/revisions"}],"wp:featuredmedia":[{"embeddable":true,"href":"https:\/\/www.lab.eus\/es\/wp-json\/wp\/v2\/media\/20978"}],"wp:attachment":[{"href":"https:\/\/www.lab.eus\/es\/wp-json\/wp\/v2\/media?parent=20979"}],"wp:term":[{"taxonomy":"category","embeddable":true,"href":"https:\/\/www.lab.eus\/es\/wp-json\/wp\/v2\/categories?post=20979"},{"taxonomy":"post_tag","embeddable":true,"href":"https:\/\/www.lab.eus\/es\/wp-json\/wp\/v2\/tags?post=20979"}],"curies":[{"name":"wp","href":"https:\/\/api.w.org\/{rel}","templated":true}]}}