{"id":20976,"date":"2020-03-12T15:29:14","date_gmt":"2020-03-12T15:29:14","guid":{"rendered":"https:\/\/www.lab.eus\/trabajadoras-de-limpieza-de-educacion-y-upv-ehu-denuncian-que-ni-las-empresas-ni-la-administracion-publica-vasca-les-han-dotado-de-equipos-de-proteccion-al-regreso-de-la-huelga\/"},"modified":"2020-03-12T15:29:14","modified_gmt":"2020-03-12T15:29:14","slug":"trabajadoras-de-limpieza-de-educacion-y-upv-ehu-denuncian-que-ni-las-empresas-ni-la-administracion-publica-vasca-les-han-dotado-de-equipos-de-proteccion-al-regreso-de-la-huelga","status":"publish","type":"post","link":"https:\/\/www.lab.eus\/es\/trabajadoras-de-limpieza-de-educacion-y-upv-ehu-denuncian-que-ni-las-empresas-ni-la-administracion-publica-vasca-les-han-dotado-de-equipos-de-proteccion-al-regreso-de-la-huelga\/","title":{"rendered":"Trabajadoras de limpieza de educaci\u00f3n y UPV\/EHU denuncian que ni las empresas ni la administraci\u00f3n p\u00fablica vasca les han dotado de equipos de protecci\u00f3n al regreso de la huelga"},"content":{"rendered":"<p> <\/p>\n<div style=\"padding-right:15px;width:345px; float:left; border-right-style:solid; border-right-width:1px; border-right-color:#dddddd\"><img loading=\"lazy\" decoding=\"async\" class=\" size-full wp-image-20975\" src=\"https:\/\/www.lab.eus\/wp-content\/uploads\/2020\/03\/materiala_argazkiak_zerbitzuPribatuak_garbiketak_20_03_12Garbiketa_Leioa.jpg\" width=\"345\" height=\"162\" alt=\"\" srcset=\"https:\/\/www.lab.eus\/wp-content\/uploads\/2020\/03\/materiala_argazkiak_zerbitzuPribatuak_garbiketak_20_03_12Garbiketa_Leioa.jpg 1705w, https:\/\/www.lab.eus\/wp-content\/uploads\/2020\/03\/materiala_argazkiak_zerbitzuPribatuak_garbiketak_20_03_12Garbiketa_Leioa-300x141.jpg 300w, https:\/\/www.lab.eus\/wp-content\/uploads\/2020\/03\/materiala_argazkiak_zerbitzuPribatuak_garbiketak_20_03_12Garbiketa_Leioa-1024x480.jpg 1024w, https:\/\/www.lab.eus\/wp-content\/uploads\/2020\/03\/materiala_argazkiak_zerbitzuPribatuak_garbiketak_20_03_12Garbiketa_Leioa-768x360.jpg 768w, https:\/\/www.lab.eus\/wp-content\/uploads\/2020\/03\/materiala_argazkiak_zerbitzuPribatuak_garbiketak_20_03_12Garbiketa_Leioa-1536x720.jpg 1536w, https:\/\/www.lab.eus\/wp-content\/uploads\/2020\/03\/materiala_argazkiak_zerbitzuPribatuak_garbiketak_20_03_12Garbiketa_Leioa-150x70.jpg 150w, https:\/\/www.lab.eus\/wp-content\/uploads\/2020\/03\/materiala_argazkiak_zerbitzuPribatuak_garbiketak_20_03_12Garbiketa_Leioa-696x326.jpg 696w, https:\/\/www.lab.eus\/wp-content\/uploads\/2020\/03\/materiala_argazkiak_zerbitzuPribatuak_garbiketak_20_03_12Garbiketa_Leioa-1068x500.jpg 1068w, https:\/\/www.lab.eus\/wp-content\/uploads\/2020\/03\/materiala_argazkiak_zerbitzuPribatuak_garbiketak_20_03_12Garbiketa_Leioa-896x420.jpg 896w\" sizes=\"auto, (max-width: 345px) 100vw, 345px\" \/><em><span style=\"font-size: 14px; \"><\/p>\n<p> El martes por la tarde, el Departamento de Trabajo del Gobierno Vasco decret&oacute; en una orden unos servicios m&iacute;nimos del 100% en el servicio de limpieza de los centros educativos y de la UPV\/EHU dejando de esta manera, sin efecto la huelga convocada. El motivo esgrimido para tomar tan extraordinaria decisi&oacute;n se bas&oacute; en criterios de salud p&uacute;blica, al entender que estamos en una situaci&oacute;n de riesgo ante la epidemia de coronavirus. Hoy Osakidetza ha decretado el cierre de todos los centros educativos de la CAV.<\/p>\n<p> <\/span><\/em>En circunstancias como &eacute;sta queda constatada la importancia de la labor que desempe&ntilde;amos, nuestro trabajo es esencial ante situaciones en la que mantener condiciones &oacute;ptimas de limpieza e higiene son absolutamente prioritarias como medidas preventivas.<\/p>\n<p> Mientras el Gobierno Vasco aconsejaba a su funcionariado trabajar desde casa, a las limpiadoras se les oblig&oacute; a acudir pese a encontrarse de huelga. Y todas las trabajadoras acudieron a sus puestos de trabajo ayer. Lo hicieron por responsabilidad, obligadas por las circunstancias que estamos atravesando.<\/p>\n<p> Sin embargo, queremos denunciar que ni las empresas, ni la UPV\/EHU, ni el Departamento de Educaci&oacute;n han mostrado la m&aacute;s m&iacute;nima preocupaci&oacute;n por las condiciones de seguridad y salud laboral en las que se incorporaron estas trabajadoras.<\/p>\n<p> Resulta que se decretan unos servicios m&iacute;nimos del 100%, se cierran los centros y las huelguistas vuelven a sus puestos, porque existen circunstancias de riesgo real y efectivo para la salud, pero no se da a las limpiadoras ning&uacute;n tipo de indicaci&oacute;n, ni se las dota con la m&aacute;s b&aacute;sica de las medidas de protecci&oacute;n. No las han provisto ni de guantes de nitrilo, ni de desinfectante clorado, ni de mascarillas a las trabajadoras que lo han solicitado. No han recibido formaci&oacute;n espec&iacute;fica. Ni siquiera les han hecho entrega del protocolo o de las indicaciones recomendadas por Osakidetza.<\/p>\n<p> Esta es, una vez m&aacute;s, la realidad de nuestro sector. Recae sobre nuestros hombros la responsabilidad de que se lleven a cabo las medidas preventivas, pero desprovistas de medidas preventivas para nosotras mismas. Nuestro trabajo importa, pero nuestra salud no.<\/p>\n<p> Desde aqu&iacute; queremos hacer una denuncia p&uacute;blica sobre esta situaci&oacute;n e interpelamos a empresas y a Gobierno Vasco a adoptar todas las medidas preventivas para garantizar tambi&eacute;n la salud y seguridad del colectivo de limpieza.<br \/> &nbsp;<\/div>\n<div style=\"width:180px; float:left; padding-left:15px;\">\n<div style=\"text-align: center; \"><a href=\"\/rssak\"><input src=\"\/materiala\/argazkiak\/feed.png\" alt=\"RSSak\" longdesc=\"undefined\" width=\"30\" type=\"image\" height=\"30\" \/><\/a><a target=\"_blank\" href=\"http:\/\/www.facebook.com\/pages\/LAB-sindikatua\/292846207397345\" rel=\"noopener noreferrer\"><input src=\"\/modules\/mod_socialmediacloud\/icons\/facebook.png\" alt=\"LAB Facebooken\" longdesc=\"undefined\" width=\"30\" type=\"image\" height=\"30\" \/><\/a><a target=\"_blank\" href=\"http:\/\/issuu.com\/lab_argitalpenak\" rel=\"noopener noreferrer\"><input src=\"\/modules\/mod_socialmediacloud\/icons\/issuu.png\" longdesc=\"undefined\" width=\"30\" type=\"image\" height=\"30\" \/><\/a><a target=\"_blank\" href=\"http:\/\/es.scribd.com\/LABsindikatua\" rel=\"noopener noreferrer\"><input src=\"\/modules\/mod_socialmediacloud\/icons\/scribd.png\" longdesc=\"undefined\" width=\"30\" type=\"image\" height=\"30\" \/><br \/> <\/a><\/div>\n<div style=\"text-align: center; \"><a target=\"_blank\" href=\"http:\/\/twitter.com\/LABsindikatua\" rel=\"noopener noreferrer\"><input src=\"\/modules\/mod_socialmediacloud\/icons\/twitter.png\" longdesc=\"undefined\" width=\"30\" type=\"image\" height=\"30\" \/><\/a><a target=\"_blank\" href=\"http:\/\/www.youtube.com\/user\/labsindikatua\" rel=\"noopener noreferrer\"><input src=\"\/modules\/mod_socialmediacloud\/icons\/youtube.png\" longdesc=\"undefined\" width=\"30\" type=\"image\" height=\"30\" \/><\/a><a target=\"_blank\" href=\"http:\/\/www.flickr.com\/photos\/lab-sindikatua\/\" rel=\"noopener noreferrer\"><input src=\"\/modules\/mod_socialmediacloud\/icons\/flickr.png\" longdesc=\"undefined\" width=\"30\" type=\"image\" height=\"30\" \/><\/a><a href=\"http:\/\/www.labsindikatua.org\/eu\/hasiera\/upload\"><input src=\"\/modules\/mod_socialmediacloud\/icons\/igo.png\" longdesc=\"undefined\" width=\"30\" type=\"image\" height=\"30\" \/><\/a><\/div>\n<p> &nbsp;<\/p><\/div>\n<div>&nbsp;<\/div>\n","protected":false},"excerpt":{"rendered":"<p>El martes por la tarde, el Departamento de Trabajo del Gobierno Vasco decret&oacute; en una orden unos servicios m&iacute;nimos del 100% en el servicio de limpieza de los centros educativos y de la UPV\/EHU dejando de esta manera, sin efecto la huelga convocada. El motivo esgrimido para tomar tan extraordinaria decisi&oacute;n se bas&oacute; en criterios [&hellip;]<\/p>\n","protected":false},"author":1,"featured_media":20975,"comment_status":"open","ping_status":"open","sticky":false,"template":"","format":"standard","meta":{"_monsterinsights_skip_tracking":false,"_monsterinsights_sitenote_active":false,"_monsterinsights_sitenote_note":"","_monsterinsights_sitenote_category":0,"footnotes":"","_links_to":"","_links_to_target":""},"categories":[2944,2998],"tags":[],"class_list":{"0":"post-20976","1":"post","2":"type-post","3":"status-publish","4":"format-standard","5":"has-post-thumbnail","7":"category-limpieza","8":"category-uncategorized-eu-es"},"_links":{"self":[{"href":"https:\/\/www.lab.eus\/es\/wp-json\/wp\/v2\/posts\/20976","targetHints":{"allow":["GET"]}}],"collection":[{"href":"https:\/\/www.lab.eus\/es\/wp-json\/wp\/v2\/posts"}],"about":[{"href":"https:\/\/www.lab.eus\/es\/wp-json\/wp\/v2\/types\/post"}],"author":[{"embeddable":true,"href":"https:\/\/www.lab.eus\/es\/wp-json\/wp\/v2\/users\/1"}],"replies":[{"embeddable":true,"href":"https:\/\/www.lab.eus\/es\/wp-json\/wp\/v2\/comments?post=20976"}],"version-history":[{"count":0,"href":"https:\/\/www.lab.eus\/es\/wp-json\/wp\/v2\/posts\/20976\/revisions"}],"wp:featuredmedia":[{"embeddable":true,"href":"https:\/\/www.lab.eus\/es\/wp-json\/wp\/v2\/media\/20975"}],"wp:attachment":[{"href":"https:\/\/www.lab.eus\/es\/wp-json\/wp\/v2\/media?parent=20976"}],"wp:term":[{"taxonomy":"category","embeddable":true,"href":"https:\/\/www.lab.eus\/es\/wp-json\/wp\/v2\/categories?post=20976"},{"taxonomy":"post_tag","embeddable":true,"href":"https:\/\/www.lab.eus\/es\/wp-json\/wp\/v2\/tags?post=20976"}],"curies":[{"name":"wp","href":"https:\/\/api.w.org\/{rel}","templated":true}]}}