{"id":20904,"date":"2020-03-04T13:45:45","date_gmt":"2020-03-04T13:45:45","guid":{"rendered":"https:\/\/www.lab.eus\/denunciamos-que-metalurgicas-iruna-ha-destruido-10-empleos-al-despedir-a-la-totalidad-de-su-plantilla-mediante-un-ere-de-extincion\/"},"modified":"2020-03-04T13:45:45","modified_gmt":"2020-03-04T13:45:45","slug":"denunciamos-que-metalurgicas-iruna-ha-destruido-10-empleos-al-despedir-a-la-totalidad-de-su-plantilla-mediante-un-ere-de-extincion","status":"publish","type":"post","link":"https:\/\/www.lab.eus\/es\/denunciamos-que-metalurgicas-iruna-ha-destruido-10-empleos-al-despedir-a-la-totalidad-de-su-plantilla-mediante-un-ere-de-extincion\/","title":{"rendered":"Denunciamos que Met\u00e1lurgicas Iru\u00f1a ha destruido 10 empleos al despedir a la totalidad de su plantilla mediante un ERE de extinci\u00f3n"},"content":{"rendered":"<p> <\/p>\n<div style=\"padding-right:15px;width:345px; float:left; border-right-style:solid; border-right-width:1px; border-right-color:#dddddd\"><img loading=\"lazy\" decoding=\"async\" class=\" size-full wp-image-20903\" src=\"https:\/\/www.lab.eus\/wp-content\/uploads\/2020\/03\/materiala_argazkiak_industria_metala_20_03_04Metalurgica_Metalurgica.jpg\" width=\"345\" height=\"205\" alt=\"\" srcset=\"https:\/\/www.lab.eus\/wp-content\/uploads\/2020\/03\/materiala_argazkiak_industria_metala_20_03_04Metalurgica_Metalurgica.jpg 1280w, https:\/\/www.lab.eus\/wp-content\/uploads\/2020\/03\/materiala_argazkiak_industria_metala_20_03_04Metalurgica_Metalurgica-300x178.jpg 300w, https:\/\/www.lab.eus\/wp-content\/uploads\/2020\/03\/materiala_argazkiak_industria_metala_20_03_04Metalurgica_Metalurgica-1024x607.jpg 1024w, https:\/\/www.lab.eus\/wp-content\/uploads\/2020\/03\/materiala_argazkiak_industria_metala_20_03_04Metalurgica_Metalurgica-768x455.jpg 768w, https:\/\/www.lab.eus\/wp-content\/uploads\/2020\/03\/materiala_argazkiak_industria_metala_20_03_04Metalurgica_Metalurgica-150x89.jpg 150w, https:\/\/www.lab.eus\/wp-content\/uploads\/2020\/03\/materiala_argazkiak_industria_metala_20_03_04Metalurgica_Metalurgica-696x413.jpg 696w, https:\/\/www.lab.eus\/wp-content\/uploads\/2020\/03\/materiala_argazkiak_industria_metala_20_03_04Metalurgica_Metalurgica-1068x633.jpg 1068w, https:\/\/www.lab.eus\/wp-content\/uploads\/2020\/03\/materiala_argazkiak_industria_metala_20_03_04Metalurgica_Metalurgica-708x420.jpg 708w\" sizes=\"auto, (max-width: 345px) 100vw, 345px\" \/><em><span style=\"font-size: 14px; \"><\/p>\n<p> Metal&uacute;rgicas Iru&ntilde;a era una empresa de 10 trabajadores que prestaba sus servicios en empresas como TRW Landaben, KYBSE o Magnesitas. Los &uacute;ltimos a&ntilde;os la mala gesti&oacute;n de la gerente y del resto de responsables, han llevado a la empresa a atravesar situaciones muy complicadas, las cuales se han resuelto siempre echando mano del bolsillo de los trabajadores. En junio de 2019 la direcci&oacute;n de la empresa realiz&oacute; una inaplicaci&oacute;n salarial del Convenio congelando los salarios de los trabajadores. Con aquella medida la empresa adquiri&oacute; el compromiso de garantizar los empleos, pero ahora queda claro que desde el principio no pensaba cumplirlo.<\/p>\n<p> <\/span><\/em>En septiembre los trabajadores percibieron el salario tarde, y desde octubre no cobraron la n&oacute;mina. Ante esta situaci&oacute;n, emprendieron diferentes movilizaciones que culminaron con una huelga de cuatro d&iacute;as a finales de noviembre. Mientras se realizaban las movilizaciones los trabajadores, a trav&eacute;s del &uacute;nico delegado de LAB que les representaba, han intentado mantener una v&iacute;a de dialogo que solventara y revertiera la situaci&oacute;n, pero la empresa, haciendo una vez m&aacute;s gala de su autoritarismo y prepotencia, se ha limitado a ocultar datos y a amenazar a los trabajadores.<\/p>\n<p> En LAB lamentamos profundamente el despido de los trabajadores y el cierre de la empresa. Pero igualmente queremos poner en valor la lucha emprendida por los trabajadores en defensa de sus puestos de trabajo. As&iacute; mismo apelamos a las instituciones a defender y garantizar al mantenimiento del tejido Industrial de Nafarroa, no dejando que empresas locales acaben de esta forma. LAB seguir&aacute; defendiendo los puestos de trabajo de todxs lxs trabajadorxs y seguir&aacute; llamando a la movilizaci&oacute;n como herramienta de lucha.<br \/> &nbsp;<\/div>\n<div style=\"width:180px; float:left; padding-left:15px;\">\n<div style=\"text-align: center; \"><a href=\"\/rssak\"><input src=\"\/materiala\/argazkiak\/feed.png\" alt=\"RSSak\" longdesc=\"undefined\" width=\"30\" type=\"image\" height=\"30\" \/><\/a><a target=\"_blank\" href=\"http:\/\/www.facebook.com\/pages\/LAB-sindikatua\/292846207397345\" rel=\"noopener noreferrer\"><input src=\"\/modules\/mod_socialmediacloud\/icons\/facebook.png\" alt=\"LAB Facebooken\" longdesc=\"undefined\" width=\"30\" type=\"image\" height=\"30\" \/><\/a><a target=\"_blank\" href=\"http:\/\/issuu.com\/lab_argitalpenak\" rel=\"noopener noreferrer\"><input src=\"\/modules\/mod_socialmediacloud\/icons\/issuu.png\" longdesc=\"undefined\" width=\"30\" type=\"image\" height=\"30\" \/><\/a><a target=\"_blank\" href=\"http:\/\/es.scribd.com\/LABsindikatua\" rel=\"noopener noreferrer\"><input src=\"\/modules\/mod_socialmediacloud\/icons\/scribd.png\" longdesc=\"undefined\" width=\"30\" type=\"image\" height=\"30\" \/><br \/> <\/a><\/div>\n<div style=\"text-align: center; \"><a target=\"_blank\" href=\"http:\/\/twitter.com\/LABsindikatua\" rel=\"noopener noreferrer\"><input src=\"\/modules\/mod_socialmediacloud\/icons\/twitter.png\" longdesc=\"undefined\" width=\"30\" type=\"image\" height=\"30\" \/><\/a><a target=\"_blank\" href=\"http:\/\/www.youtube.com\/user\/labsindikatua\" rel=\"noopener noreferrer\"><input src=\"\/modules\/mod_socialmediacloud\/icons\/youtube.png\" longdesc=\"undefined\" width=\"30\" type=\"image\" height=\"30\" \/><\/a><a target=\"_blank\" href=\"http:\/\/www.flickr.com\/photos\/lab-sindikatua\/\" rel=\"noopener noreferrer\"><input src=\"\/modules\/mod_socialmediacloud\/icons\/flickr.png\" longdesc=\"undefined\" width=\"30\" type=\"image\" height=\"30\" \/><\/a><a href=\"http:\/\/www.labsindikatua.org\/eu\/hasiera\/upload\"><input src=\"\/modules\/mod_socialmediacloud\/icons\/igo.png\" longdesc=\"undefined\" width=\"30\" type=\"image\" height=\"30\" \/><\/a><\/div>\n<p> &nbsp;<\/p><\/div>\n<div>&nbsp;<\/div>\n","protected":false},"excerpt":{"rendered":"<p>Metal&uacute;rgicas Iru&ntilde;a era una empresa de 10 trabajadores que prestaba sus servicios en empresas como TRW Landaben, KYBSE o Magnesitas. Los &uacute;ltimos a&ntilde;os la mala gesti&oacute;n de la gerente y del resto de responsables, han llevado a la empresa a atravesar situaciones muy complicadas, las cuales se han resuelto siempre echando mano del bolsillo de [&hellip;]<\/p>\n","protected":false},"author":1,"featured_media":20903,"comment_status":"open","ping_status":"open","sticky":false,"template":"","format":"standard","meta":{"_monsterinsights_skip_tracking":false,"_monsterinsights_sitenote_active":false,"_monsterinsights_sitenote_note":"","_monsterinsights_sitenote_category":0,"footnotes":"","_links_to":"","_links_to_target":""},"categories":[108],"tags":[2996],"class_list":{"0":"post-20904","1":"post","2":"type-post","3":"status-publish","4":"format-standard","5":"has-post-thumbnail","7":"category-es-metal","8":"tag-industria-es"},"_links":{"self":[{"href":"https:\/\/www.lab.eus\/es\/wp-json\/wp\/v2\/posts\/20904","targetHints":{"allow":["GET"]}}],"collection":[{"href":"https:\/\/www.lab.eus\/es\/wp-json\/wp\/v2\/posts"}],"about":[{"href":"https:\/\/www.lab.eus\/es\/wp-json\/wp\/v2\/types\/post"}],"author":[{"embeddable":true,"href":"https:\/\/www.lab.eus\/es\/wp-json\/wp\/v2\/users\/1"}],"replies":[{"embeddable":true,"href":"https:\/\/www.lab.eus\/es\/wp-json\/wp\/v2\/comments?post=20904"}],"version-history":[{"count":0,"href":"https:\/\/www.lab.eus\/es\/wp-json\/wp\/v2\/posts\/20904\/revisions"}],"wp:featuredmedia":[{"embeddable":true,"href":"https:\/\/www.lab.eus\/es\/wp-json\/wp\/v2\/media\/20903"}],"wp:attachment":[{"href":"https:\/\/www.lab.eus\/es\/wp-json\/wp\/v2\/media?parent=20904"}],"wp:term":[{"taxonomy":"category","embeddable":true,"href":"https:\/\/www.lab.eus\/es\/wp-json\/wp\/v2\/categories?post=20904"},{"taxonomy":"post_tag","embeddable":true,"href":"https:\/\/www.lab.eus\/es\/wp-json\/wp\/v2\/tags?post=20904"}],"curies":[{"name":"wp","href":"https:\/\/api.w.org\/{rel}","templated":true}]}}