{"id":20656,"date":"2020-01-24T06:22:40","date_gmt":"2020-01-24T06:22:40","guid":{"rendered":"https:\/\/www.lab.eus\/solo-mediante-la-accion-sindical-y-la-movilizacion-conseguiremos-acabar-con-esta-terrible-tasa-de-interinidad-en-el-sector-publico\/"},"modified":"2020-01-24T06:22:40","modified_gmt":"2020-01-24T06:22:40","slug":"solo-mediante-la-accion-sindical-y-la-movilizacion-conseguiremos-acabar-con-esta-terrible-tasa-de-interinidad-en-el-sector-publico","status":"publish","type":"post","link":"https:\/\/www.lab.eus\/es\/solo-mediante-la-accion-sindical-y-la-movilizacion-conseguiremos-acabar-con-esta-terrible-tasa-de-interinidad-en-el-sector-publico\/","title":{"rendered":"Solo mediante la acci\u00f3n sindical y la movilizaci\u00f3n conseguiremos acabar con esta terrible tasa de interinidad en el sector p\u00fablico"},"content":{"rendered":"<div style=\"padding-right:15px;width:345px; float:left; border-right-style:solid; border-right-width:1px; border-right-color:#dddddd\"><em><span style=\"font-size: 14px; \">En estos &uacute;ltimos d&iacute;as el Tribunal Central Europeo ha resuelto contra el derecho del personal interino a ser indemnizado. Seg&uacute;n la sentencia, es conocido de antemano que el nombramiento del personal interino es provisional. Cuando cesa el nombramiento el juzgado no considera que exista fraude, por lo que ve legal no pagar la indemnizaci&oacute;n.<\/p>\n<p> <\/span><\/em>Tenemos que recordar que hace unos meses, desde el mismo juzgado, nos lleg&oacute; una resoluci&oacute;n sobre el mismo tema que apuntaba en la misma direcci&oacute;n. En este caso, el abogado del tribunal europeo se pronunci&oacute; sobre la fijeza del personal interino, tambi&eacute;n en contra de los intereses del personal interino. Est&aacute; claro, por tanto, que de los tribunales europeos no vendr&aacute;n soluciones m&aacute;gicas y que tendremos que reforzar la acci&oacute;n sindical y la movilizaci&oacute;n para dar pasos adelante en la consolidaci&oacute;n del personal interino.<\/p>\n<p> Es cierto que el uso de la temporalidad en las administraciones vascas es excesivo. Estamos denunciando continuamente las terribles tasas de temporalidad y cada vez m&aacute;s voces coinciden en que la situaci&oacute;n es insostenible. Hay que cambiar de ra&iacute;z el modelo de contrataci&oacute;n existente en el sector p&uacute;blico, en el que actualmente miles de trabajadores y trabajadoras est&aacute;n inmersos e inmersas en la precariedad. El Gobierno est&aacute; c&oacute;modo en esta situaci&oacute;n. Sin ir m&aacute;s lejos, aplaude esta &uacute;ltima resoluci&oacute;n del Tribunal Europeo, haciendo suyos los argumentos que en ella se expresan. Parece que el tema de la temporalidad no va con ellos, que estamos ante una situaci&oacute;n impulsada por unos factores externos. Lo estamos diciendo una y otra vez; el Gobierno Vasco quiere unos servicios p&uacute;blicos basados en la temporalidad, para privatizar estos servicios cuando quiera o necesite.<\/p>\n<p> Por todo esto decimos que el camino m&aacute;s eficaz es el de la acci&oacute;n sindical y el de la movilizaci&oacute;n. Necesitamos una ley propia que consolide puestos y personas para hacer frente a la interinidad que tenemos en las administraciones vascas. Dejemos de mirar a Madrid o Bruselas y dejemos de poner las expectativas en los tribunales; debemos de plantear nuestras reivindicaciones cara a las instituciones vascas. Sabemos de sobra que en Euskal Herria existe capacidad legislativa suficiente para acabar con la precariedad en las administraciones.<\/p>\n<p> La movilizaci&oacute;n nos ha dado todo lo que hemos conseguido, tenemos la oportunidad de llenar las calles todos juntos. &iexcl;30 de enero huelga General!<br \/> &nbsp;<\/div>\n<div style=\"width:180px; float:left; padding-left:15px;\">\n<div style=\"text-align: center; \"><a href=\"\/rssak\"><input src=\"\/materiala\/argazkiak\/feed.png\" alt=\"RSSak\" longdesc=\"undefined\" width=\"30\" type=\"image\" height=\"30\" \/><\/a><a target=\"_blank\" href=\"http:\/\/www.facebook.com\/pages\/LAB-sindikatua\/292846207397345\" rel=\"noopener noreferrer\"><input src=\"\/modules\/mod_socialmediacloud\/icons\/facebook.png\" alt=\"LAB Facebooken\" longdesc=\"undefined\" width=\"30\" type=\"image\" height=\"30\" \/><\/a><a target=\"_blank\" href=\"http:\/\/issuu.com\/lab_argitalpenak\" rel=\"noopener noreferrer\"><input src=\"\/modules\/mod_socialmediacloud\/icons\/issuu.png\" longdesc=\"undefined\" width=\"30\" type=\"image\" height=\"30\" \/><\/a><a target=\"_blank\" href=\"http:\/\/es.scribd.com\/LABsindikatua\" rel=\"noopener noreferrer\"><input src=\"\/modules\/mod_socialmediacloud\/icons\/scribd.png\" longdesc=\"undefined\" width=\"30\" type=\"image\" height=\"30\" \/><br \/> <\/a><\/div>\n<div style=\"text-align: center; \"><a target=\"_blank\" href=\"http:\/\/twitter.com\/LABsindikatua\" rel=\"noopener noreferrer\"><input src=\"\/modules\/mod_socialmediacloud\/icons\/twitter.png\" longdesc=\"undefined\" width=\"30\" type=\"image\" height=\"30\" \/><\/a><a target=\"_blank\" href=\"http:\/\/www.youtube.com\/user\/labsindikatua\" rel=\"noopener noreferrer\"><input src=\"\/modules\/mod_socialmediacloud\/icons\/youtube.png\" longdesc=\"undefined\" width=\"30\" type=\"image\" height=\"30\" \/><\/a><a target=\"_blank\" href=\"http:\/\/www.flickr.com\/photos\/lab-sindikatua\/\" rel=\"noopener noreferrer\"><input src=\"\/modules\/mod_socialmediacloud\/icons\/flickr.png\" longdesc=\"undefined\" width=\"30\" type=\"image\" height=\"30\" \/><\/a><a href=\"http:\/\/www.labsindikatua.org\/eu\/hasiera\/upload\"><input src=\"\/modules\/mod_socialmediacloud\/icons\/igo.png\" longdesc=\"undefined\" width=\"30\" type=\"image\" height=\"30\" \/><\/a><\/div>\n<p> &nbsp;<\/p><\/div>\n<div>&nbsp;<\/div>\n","protected":false},"excerpt":{"rendered":"<p>En estos &uacute;ltimos d&iacute;as el Tribunal Central Europeo ha resuelto contra el derecho del personal interino a ser indemnizado. Seg&uacute;n la sentencia, es conocido de antemano que el nombramiento del personal interino es provisional. Cuando cesa el nombramiento el juzgado no considera que exista fraude, por lo que ve legal no pagar la indemnizaci&oacute;n. Tenemos [&hellip;]<\/p>\n","protected":false},"author":1,"featured_media":0,"comment_status":"open","ping_status":"open","sticky":false,"template":"","format":"standard","meta":{"_monsterinsights_skip_tracking":false,"_monsterinsights_sitenote_active":false,"_monsterinsights_sitenote_note":"","_monsterinsights_sitenote_category":0,"footnotes":"","_links_to":"","_links_to_target":""},"categories":[3118,2998],"tags":[],"class_list":{"0":"post-20656","1":"post","2":"type-post","3":"status-publish","4":"format-standard","6":"category-politica-de-empleo","7":"category-uncategorized-eu-es"},"_links":{"self":[{"href":"https:\/\/www.lab.eus\/es\/wp-json\/wp\/v2\/posts\/20656","targetHints":{"allow":["GET"]}}],"collection":[{"href":"https:\/\/www.lab.eus\/es\/wp-json\/wp\/v2\/posts"}],"about":[{"href":"https:\/\/www.lab.eus\/es\/wp-json\/wp\/v2\/types\/post"}],"author":[{"embeddable":true,"href":"https:\/\/www.lab.eus\/es\/wp-json\/wp\/v2\/users\/1"}],"replies":[{"embeddable":true,"href":"https:\/\/www.lab.eus\/es\/wp-json\/wp\/v2\/comments?post=20656"}],"version-history":[{"count":0,"href":"https:\/\/www.lab.eus\/es\/wp-json\/wp\/v2\/posts\/20656\/revisions"}],"wp:attachment":[{"href":"https:\/\/www.lab.eus\/es\/wp-json\/wp\/v2\/media?parent=20656"}],"wp:term":[{"taxonomy":"category","embeddable":true,"href":"https:\/\/www.lab.eus\/es\/wp-json\/wp\/v2\/categories?post=20656"},{"taxonomy":"post_tag","embeddable":true,"href":"https:\/\/www.lab.eus\/es\/wp-json\/wp\/v2\/tags?post=20656"}],"curies":[{"name":"wp","href":"https:\/\/api.w.org\/{rel}","templated":true}]}}