{"id":20021,"date":"2019-09-26T10:51:24","date_gmt":"2019-09-26T10:51:24","guid":{"rendered":"https:\/\/www.lab.eus\/si-no-hay-acuerdo-en-el-sector-de-artes-graficas-de-gipuzkoa-convocaremos-mas-dias-de-huelga\/"},"modified":"2019-09-26T10:51:24","modified_gmt":"2019-09-26T10:51:24","slug":"si-no-hay-acuerdo-en-el-sector-de-artes-graficas-de-gipuzkoa-convocaremos-mas-dias-de-huelga","status":"publish","type":"post","link":"https:\/\/www.lab.eus\/es\/si-no-hay-acuerdo-en-el-sector-de-artes-graficas-de-gipuzkoa-convocaremos-mas-dias-de-huelga\/","title":{"rendered":"Si no hay acuerdo en el sector de Artes Gr\u00e1ficas de Gipuzkoa, convocaremos m\u00e1s d\u00edas de huelga"},"content":{"rendered":"<p> <\/p>\n<div style=\"padding-right:15px;width:345px; float:left; border-right-style:solid; border-right-width:1px; border-right-color:#dddddd\"><img loading=\"lazy\" decoding=\"async\" class=\" size-full wp-image-20020\" src=\"https:\/\/www.lab.eus\/wp-content\/uploads\/2019\/09\/materiala_argazkiak_industria_grafikagintza_19_09_26Greba_Adegi1.jpeg\" width=\"345\" height=\"190\" alt=\"\" srcset=\"https:\/\/www.lab.eus\/wp-content\/uploads\/2019\/09\/materiala_argazkiak_industria_grafikagintza_19_09_26Greba_Adegi1.jpeg 1600w, https:\/\/www.lab.eus\/wp-content\/uploads\/2019\/09\/materiala_argazkiak_industria_grafikagintza_19_09_26Greba_Adegi1-300x165.jpeg 300w, https:\/\/www.lab.eus\/wp-content\/uploads\/2019\/09\/materiala_argazkiak_industria_grafikagintza_19_09_26Greba_Adegi1-1024x563.jpeg 1024w, https:\/\/www.lab.eus\/wp-content\/uploads\/2019\/09\/materiala_argazkiak_industria_grafikagintza_19_09_26Greba_Adegi1-768x422.jpeg 768w, https:\/\/www.lab.eus\/wp-content\/uploads\/2019\/09\/materiala_argazkiak_industria_grafikagintza_19_09_26Greba_Adegi1-1536x845.jpeg 1536w, https:\/\/www.lab.eus\/wp-content\/uploads\/2019\/09\/materiala_argazkiak_industria_grafikagintza_19_09_26Greba_Adegi1-150x83.jpeg 150w, https:\/\/www.lab.eus\/wp-content\/uploads\/2019\/09\/materiala_argazkiak_industria_grafikagintza_19_09_26Greba_Adegi1-696x385.jpeg 696w, https:\/\/www.lab.eus\/wp-content\/uploads\/2019\/09\/materiala_argazkiak_industria_grafikagintza_19_09_26Greba_Adegi1-1068x587.jpeg 1068w, https:\/\/www.lab.eus\/wp-content\/uploads\/2019\/09\/materiala_argazkiak_industria_grafikagintza_19_09_26Greba_Adegi1-764x420.jpeg 764w\" sizes=\"auto, (max-width: 345px) 100vw, 345px\" \/><em><span style=\"font-size: 14px; \"><\/p>\n<p> Hoy, 26 de septiembre, se ha celebrado el sexto d&iacute;a de huelga en el sector de Artes Gr&aacute;ficas de Gipuzkoa, con un amplio seguimiento similar al de convocatorias anteriores.  <\/p>\n<p> <\/span><\/em>Empresas como SAM, Zelatun, Corenso, Borobil, Arrosi, Cicarsa, Antza, Manipulados del Araxes, Otzarreta, Mayensa, Goierri y otras m&aacute;s han vuelto a cerrar sus puertas. <\/p>\n<p> Las y los trabajadores han llevado su protesta ante la sede de la patronal Adegi para exigirle un convenio digno acorde con la situaci&oacute;n buena que atraviesa el sector. Las y los trabajadores lo han dejado bien claro: s&oacute;lo abandonaremos la huelga cuando se firme un convenio digno para todas y todos los trabajadores. <\/p>\n<p> ADEGI debe tener claro que, mientras siga neg&aacute;ndose a negociar, habr&aacute; m&aacute;s d&iacute;as de huelga. No obstante, la patronal ADEGI puede solucionar esta situaci&oacute;n poniendo encima de la mesa una propuesta seria. La pr&oacute;xima semana est&aacute;n convocados dos nuevos d&iacute;as de huelga, los dias 2 y 3 de octubre. &Uacute;nicamente depende de la patronal que no se realicen.<\/p>\n<p> &nbsp;<\/div>\n<div style=\"width:180px; float:left; padding-left:15px;\">\n<div style=\"text-align: center; \"><a href=\"\/rssak\"><input src=\"\/materiala\/argazkiak\/feed.png\" alt=\"RSSak\" longdesc=\"undefined\" width=\"30\" type=\"image\" height=\"30\" \/><\/a><a target=\"_blank\" href=\"http:\/\/www.facebook.com\/pages\/LAB-sindikatua\/292846207397345\" rel=\"noopener noreferrer\"><input src=\"\/modules\/mod_socialmediacloud\/icons\/facebook.png\" alt=\"LAB Facebooken\" longdesc=\"undefined\" width=\"30\" type=\"image\" height=\"30\" \/><\/a><a target=\"_blank\" href=\"http:\/\/issuu.com\/lab_argitalpenak\" rel=\"noopener noreferrer\"><input src=\"\/modules\/mod_socialmediacloud\/icons\/issuu.png\" longdesc=\"undefined\" width=\"30\" type=\"image\" height=\"30\" \/><\/a><a target=\"_blank\" href=\"http:\/\/es.scribd.com\/LABsindikatua\" rel=\"noopener noreferrer\"><input src=\"\/modules\/mod_socialmediacloud\/icons\/scribd.png\" longdesc=\"undefined\" width=\"30\" type=\"image\" height=\"30\" \/><br \/> <\/a><\/div>\n<div style=\"text-align: center; \"><a target=\"_blank\" href=\"http:\/\/twitter.com\/LABsindikatua\" rel=\"noopener noreferrer\"><input src=\"\/modules\/mod_socialmediacloud\/icons\/twitter.png\" longdesc=\"undefined\" width=\"30\" type=\"image\" height=\"30\" \/><\/a><a target=\"_blank\" href=\"http:\/\/www.youtube.com\/user\/labsindikatua\" rel=\"noopener noreferrer\"><input src=\"\/modules\/mod_socialmediacloud\/icons\/youtube.png\" longdesc=\"undefined\" width=\"30\" type=\"image\" height=\"30\" \/><\/a><a target=\"_blank\" href=\"http:\/\/www.flickr.com\/photos\/lab-sindikatua\/\" rel=\"noopener noreferrer\"><input src=\"\/modules\/mod_socialmediacloud\/icons\/flickr.png\" longdesc=\"undefined\" width=\"30\" type=\"image\" height=\"30\" \/><\/a><a href=\"http:\/\/www.labsindikatua.org\/eu\/hasiera\/upload\"><input src=\"\/modules\/mod_socialmediacloud\/icons\/igo.png\" longdesc=\"undefined\" width=\"30\" type=\"image\" height=\"30\" \/><\/a><\/div>\n<p> &nbsp;<\/p><\/div>\n<div>&nbsp;<\/div>\n","protected":false},"excerpt":{"rendered":"<p>Hoy, 26 de septiembre, se ha celebrado el sexto d&iacute;a de huelga en el sector de Artes Gr&aacute;ficas de Gipuzkoa, con un amplio seguimiento similar al de convocatorias anteriores. Empresas como SAM, Zelatun, Corenso, Borobil, Arrosi, Cicarsa, Antza, Manipulados del Araxes, Otzarreta, Mayensa, Goierri y otras m&aacute;s han vuelto a cerrar sus puertas. Las y [&hellip;]<\/p>\n","protected":false},"author":1,"featured_media":20020,"comment_status":"open","ping_status":"open","sticky":false,"template":"","format":"standard","meta":{"_monsterinsights_skip_tracking":false,"_monsterinsights_sitenote_active":false,"_monsterinsights_sitenote_note":"","_monsterinsights_sitenote_category":0,"footnotes":"","_links_to":"","_links_to_target":""},"categories":[100],"tags":[2996],"class_list":{"0":"post-20021","1":"post","2":"type-post","3":"status-publish","4":"format-standard","5":"has-post-thumbnail","7":"category-es-artes-graficas","8":"tag-industria-es"},"_links":{"self":[{"href":"https:\/\/www.lab.eus\/es\/wp-json\/wp\/v2\/posts\/20021","targetHints":{"allow":["GET"]}}],"collection":[{"href":"https:\/\/www.lab.eus\/es\/wp-json\/wp\/v2\/posts"}],"about":[{"href":"https:\/\/www.lab.eus\/es\/wp-json\/wp\/v2\/types\/post"}],"author":[{"embeddable":true,"href":"https:\/\/www.lab.eus\/es\/wp-json\/wp\/v2\/users\/1"}],"replies":[{"embeddable":true,"href":"https:\/\/www.lab.eus\/es\/wp-json\/wp\/v2\/comments?post=20021"}],"version-history":[{"count":0,"href":"https:\/\/www.lab.eus\/es\/wp-json\/wp\/v2\/posts\/20021\/revisions"}],"wp:featuredmedia":[{"embeddable":true,"href":"https:\/\/www.lab.eus\/es\/wp-json\/wp\/v2\/media\/20020"}],"wp:attachment":[{"href":"https:\/\/www.lab.eus\/es\/wp-json\/wp\/v2\/media?parent=20021"}],"wp:term":[{"taxonomy":"category","embeddable":true,"href":"https:\/\/www.lab.eus\/es\/wp-json\/wp\/v2\/categories?post=20021"},{"taxonomy":"post_tag","embeddable":true,"href":"https:\/\/www.lab.eus\/es\/wp-json\/wp\/v2\/tags?post=20021"}],"curies":[{"name":"wp","href":"https:\/\/api.w.org\/{rel}","templated":true}]}}