{"id":1993,"date":"2013-04-09T12:37:11","date_gmt":"2013-04-09T12:37:11","guid":{"rendered":"https:\/\/www.lab.eus\/lab-llama-a-participar-y-apoyar-la-manifestacion-convocada-por-la-iniciativa-araba-borrokan-este-proximo-jueves-dia-11-de-abril\/"},"modified":"2013-04-09T12:37:11","modified_gmt":"2013-04-09T12:37:11","slug":"lab-llama-a-participar-y-apoyar-la-manifestacion-convocada-por-la-iniciativa-araba-borrokan-este-proximo-jueves-dia-11-de-abril","status":"publish","type":"post","link":"https:\/\/www.lab.eus\/es\/lab-llama-a-participar-y-apoyar-la-manifestacion-convocada-por-la-iniciativa-araba-borrokan-este-proximo-jueves-dia-11-de-abril\/","title":{"rendered":"LAB llama a participar y apoyar la manifestaci\u00f3n convocada por la iniciativa Araba Borrokan este pr\u00f3ximo jueves d\u00eda 11 de abril"},"content":{"rendered":"<p> LAB invita al conjunto de la sociedad a participar en la manifestaci&oacute;n que, el pr&oacute;ximo d&iacute;a 11 partir&aacute; a las siete de la tarde desde la Plaza de Bilbao. Esta manifestaci&oacute;n  convocada por m&aacute;s de 60 comit&eacute;s de empresa, cerca de 100 secciones sindicales y que cuenta, as&iacute; mismo, con el apoyo de diferentes movimientos sociales y sindicales responde a la necesidad de responder, desde un espacio amplio y plural, al constate recorte de derechos sociales y laborales.<br \/>  <!--more-->  <\/p>\n<p> <\/p>\n<div style=\"padding-right:15px;width:345px; float:left; border-right-style:solid; border-right-width:1px; border-right-color:#dddddd\">Si ya desde el inicio de la crisis econ&oacute;mica, han sido la clase trabajadora y los sectores m&aacute;s desfavorecidos los que han soportado las consecuencias de las pol&iacute;ticas anti-sociales, es ahora cuando nos encontramos ante una situaci&oacute;n de verdadera alarma.<\/p>\n<p> El continuo goteo de medidas, supuestamente destinadas a dar soluci&oacute;n a la actual crisis econ&oacute;mica, esta produciendo verdaderos estragos en el conjunto de la sociedad, despidos, EREs, desahucios, recortes en sanidad, recortes en educaci&oacute;n, bolsas de pobreza y marginaci&oacute;n,&#8230;. cualquier ciudadano\/a puede encontrarse, en cualquier momento, en cualquiera de esas situaciones.<\/p>\n<p> Desde LAB entendemos que las respuestas tienen que ser colectivas y que la solidaridad acompa&ntilde;ada, en este caso, de la movilizaci&oacute;n es un elemento imprescindible para plantar cara al sistema. Si cualquier trabajador\/a se ve en la calle, si la maquinaria empresarial y pol&iacute;tica pretende pasar por encima de la ciudadan&iacute;a, las respuestas tienen que ser colectivos. Si nos agreden a alguno\/a nos agreden a todas\/os.<\/p>\n<p> Por eso tenemos que salir a la calle, por eso el pr&oacute;ximo d&iacute;a 11 llenaremos las calles de Gasteiz. &iexcl; Araba no se cierra !&nbsp;<\/p>\n<p> &nbsp;<\/p><\/div>\n<div style=\"width:180px; float:left; padding-left:15px;\"><span style=\"font-family: Swift; \"><span style=\"color: rgb(0, 51, 0); \"><span style=\"font-size: medium; \">LAB SAREAN<\/span><\/span><\/span><br \/> {module[111]}<\/div>\n<p> &nbsp; &nbsp;&nbsp;<\/p>\n","protected":false},"excerpt":{"rendered":"<p>LAB invita al conjunto de la sociedad a participar en la manifestaci&oacute;n que, el pr&oacute;ximo d&iacute;a 11 partir&aacute; a las siete de la tarde desde la Plaza de Bilbao. Esta manifestaci&oacute;n convocada por m&aacute;s de 60 comit&eacute;s de empresa, cerca de 100 secciones sindicales y que cuenta, as&iacute; mismo, con el apoyo de diferentes movimientos [&hellip;]<\/p>\n","protected":false},"author":1,"featured_media":11062,"comment_status":"open","ping_status":"open","sticky":false,"template":"","format":"standard","meta":{"_monsterinsights_skip_tracking":false,"_monsterinsights_sitenote_active":false,"_monsterinsights_sitenote_note":"","_monsterinsights_sitenote_category":0,"footnotes":"","_links_to":"","_links_to_target":""},"categories":[247],"tags":[837],"class_list":{"0":"post-1993","1":"post","2":"type-post","3":"status-publish","4":"format-standard","5":"has-post-thumbnail","7":"category-murrizketak","8":"tag-araba-borrokan"},"_links":{"self":[{"href":"https:\/\/www.lab.eus\/es\/wp-json\/wp\/v2\/posts\/1993","targetHints":{"allow":["GET"]}}],"collection":[{"href":"https:\/\/www.lab.eus\/es\/wp-json\/wp\/v2\/posts"}],"about":[{"href":"https:\/\/www.lab.eus\/es\/wp-json\/wp\/v2\/types\/post"}],"author":[{"embeddable":true,"href":"https:\/\/www.lab.eus\/es\/wp-json\/wp\/v2\/users\/1"}],"replies":[{"embeddable":true,"href":"https:\/\/www.lab.eus\/es\/wp-json\/wp\/v2\/comments?post=1993"}],"version-history":[{"count":0,"href":"https:\/\/www.lab.eus\/es\/wp-json\/wp\/v2\/posts\/1993\/revisions"}],"wp:featuredmedia":[{"embeddable":true,"href":"https:\/\/www.lab.eus\/es\/wp-json\/wp\/v2\/media\/11062"}],"wp:attachment":[{"href":"https:\/\/www.lab.eus\/es\/wp-json\/wp\/v2\/media?parent=1993"}],"wp:term":[{"taxonomy":"category","embeddable":true,"href":"https:\/\/www.lab.eus\/es\/wp-json\/wp\/v2\/categories?post=1993"},{"taxonomy":"post_tag","embeddable":true,"href":"https:\/\/www.lab.eus\/es\/wp-json\/wp\/v2\/tags?post=1993"}],"curies":[{"name":"wp","href":"https:\/\/api.w.org\/{rel}","templated":true}]}}