{"id":19810,"date":"2019-08-01T10:10:00","date_gmt":"2019-08-01T10:10:00","guid":{"rendered":"https:\/\/www.lab.eus\/buletin-morea-aqui-teneis-el-numero-1-del-boletin-de-la-secretaria-feminista\/"},"modified":"2019-08-01T10:10:00","modified_gmt":"2019-08-01T10:10:00","slug":"buletin-morea-aqui-teneis-el-numero-1-del-boletin-de-la-secretaria-feminista","status":"publish","type":"post","link":"https:\/\/www.lab.eus\/es\/buletin-morea-aqui-teneis-el-numero-1-del-boletin-de-la-secretaria-feminista\/","title":{"rendered":"[BULETIN MOREA]: Aqu\u00ed ten\u00e9is el n\u00famero 1 del bolet\u00edn de la Secretar\u00eda Feminista"},"content":{"rendered":"<p> <\/p>\n<div style=\"padding-right:15px;width:345px; float:left; border-right-style:solid; border-right-width:1px; border-right-color:#dddddd\"><em><span style=\"font-size: 14px; \"><img loading=\"lazy\" decoding=\"async\" class=\" size-full wp-image-19808\" src=\"https:\/\/www.lab.eus\/wp-content\/uploads\/2019\/08\/materiala_argazkiak_Arloak_emakumeak_berdintasuna_19_08_01_BuletinMorea_Buletin_Morea_ES.png\" width=\"345\" height=\"487\" alt=\"\" srcset=\"https:\/\/www.lab.eus\/wp-content\/uploads\/2019\/08\/materiala_argazkiak_Arloak_emakumeak_berdintasuna_19_08_01_BuletinMorea_Buletin_Morea_ES.png 595w, https:\/\/www.lab.eus\/wp-content\/uploads\/2019\/08\/materiala_argazkiak_Arloak_emakumeak_berdintasuna_19_08_01_BuletinMorea_Buletin_Morea_ES-213x300.png 213w, https:\/\/www.lab.eus\/wp-content\/uploads\/2019\/08\/materiala_argazkiak_Arloak_emakumeak_berdintasuna_19_08_01_BuletinMorea_Buletin_Morea_ES-150x212.png 150w, https:\/\/www.lab.eus\/wp-content\/uploads\/2019\/08\/materiala_argazkiak_Arloak_emakumeak_berdintasuna_19_08_01_BuletinMorea_Buletin_Morea_ES-300x424.png 300w, https:\/\/www.lab.eus\/wp-content\/uploads\/2019\/08\/materiala_argazkiak_Arloak_emakumeak_berdintasuna_19_08_01_BuletinMorea_Buletin_Morea_ES-298x420.png 298w\" sizes=\"auto, (max-width: 345px) 100vw, 345px\" \/><\/p>\n<p> La Secretar&iacute;a Feminista de LAB ha publicado el <a href=\"https:\/\/www.lab.eus\/wp-content\/uploads\/2019\/08\/iparhegoa.eus_barne_buletina_201907_Buletin_morea_01_cas.pdf\">n&uacute;mero 1 <\/a>de su publicaci&oacute;n <strong>Buletin Morea<\/strong> coincidiendo con la finalizaci&oacute;n del curso.<\/p>\n<p> Tras la publicaci&oacute;n en enero del 2019, del n&uacute;mero 0, en este 1er n&uacute;mero se tratan diferentes temas como el fraude los planes de igualdad, la cotizaci&oacute;n de las jornadas a tiempo parcial, adem&aacute;s de un editorial sobre la Huelga Feminista del 8 de marzo y una entrevista a la activista feminista y trabajadora sexual Paula Ezkerra. <\/span><\/em>&nbsp;<\/div>\n<div style=\"width:180px; float:left; padding-left:15px;\">\n<div style=\"text-align: center; \"><a href=\"\/rssak\"><input src=\"\/materiala\/argazkiak\/feed.png\" alt=\"RSSak\" longdesc=\"undefined\" width=\"30\" type=\"image\" height=\"30\" \/><\/a><a target=\"_blank\" href=\"http:\/\/www.facebook.com\/pages\/LAB-sindikatua\/292846207397345\" rel=\"noopener noreferrer\"><input src=\"\/modules\/mod_socialmediacloud\/icons\/facebook.png\" alt=\"LAB Facebooken\" longdesc=\"undefined\" width=\"30\" type=\"image\" height=\"30\" \/><\/a><a target=\"_blank\" href=\"http:\/\/issuu.com\/lab_argitalpenak\" rel=\"noopener noreferrer\"><input src=\"\/modules\/mod_socialmediacloud\/icons\/issuu.png\" longdesc=\"undefined\" width=\"30\" type=\"image\" height=\"30\" \/><\/a><a target=\"_blank\" href=\"http:\/\/es.scribd.com\/LABsindikatua\" rel=\"noopener noreferrer\"><input src=\"\/modules\/mod_socialmediacloud\/icons\/scribd.png\" longdesc=\"undefined\" width=\"30\" type=\"image\" height=\"30\" \/><br \/> <\/a><\/div>\n<div style=\"text-align: center; \"><a target=\"_blank\" href=\"http:\/\/twitter.com\/LABsindikatua\" rel=\"noopener noreferrer\"><input src=\"\/modules\/mod_socialmediacloud\/icons\/twitter.png\" longdesc=\"undefined\" width=\"30\" type=\"image\" height=\"30\" \/><\/a><a target=\"_blank\" href=\"http:\/\/www.youtube.com\/user\/labsindikatua\" rel=\"noopener noreferrer\"><input src=\"\/modules\/mod_socialmediacloud\/icons\/youtube.png\" longdesc=\"undefined\" width=\"30\" type=\"image\" height=\"30\" \/><\/a><a target=\"_blank\" href=\"http:\/\/www.flickr.com\/photos\/lab-sindikatua\/\" rel=\"noopener noreferrer\"><input src=\"\/modules\/mod_socialmediacloud\/icons\/flickr.png\" longdesc=\"undefined\" width=\"30\" type=\"image\" height=\"30\" \/><\/a><a href=\"http:\/\/www.labsindikatua.org\/eu\/hasiera\/upload\"><input src=\"\/modules\/mod_socialmediacloud\/icons\/igo.png\" longdesc=\"undefined\" width=\"30\" type=\"image\" height=\"30\" \/><\/a><\/div>\n<p> &nbsp;<\/p><\/div>\n<div>&nbsp;<\/div>\n","protected":false},"excerpt":{"rendered":"<p>La Secretar&iacute;a Feminista de LAB ha publicado el n&uacute;mero 1 de su publicaci&oacute;n Buletin Morea coincidiendo con la finalizaci&oacute;n del curso. Tras la publicaci&oacute;n en enero del 2019, del n&uacute;mero 0, en este 1er n&uacute;mero se tratan diferentes temas como el fraude los planes de igualdad, la cotizaci&oacute;n de las jornadas a tiempo parcial, adem&aacute;s [&hellip;]<\/p>\n","protected":false},"author":1,"featured_media":19808,"comment_status":"open","ping_status":"open","sticky":false,"template":"","format":"standard","meta":{"_monsterinsights_skip_tracking":false,"_monsterinsights_sitenote_active":false,"_monsterinsights_sitenote_note":"","_monsterinsights_sitenote_category":0,"footnotes":"","_links_to":"","_links_to_target":""},"categories":[3281,2998],"tags":[3191],"class_list":{"0":"post-19810","1":"post","2":"type-post","3":"status-publish","4":"format-standard","5":"has-post-thumbnail","7":"category-secretaria-feminista","8":"category-uncategorized-eu-es","9":"tag-mujeres"},"_links":{"self":[{"href":"https:\/\/www.lab.eus\/es\/wp-json\/wp\/v2\/posts\/19810","targetHints":{"allow":["GET"]}}],"collection":[{"href":"https:\/\/www.lab.eus\/es\/wp-json\/wp\/v2\/posts"}],"about":[{"href":"https:\/\/www.lab.eus\/es\/wp-json\/wp\/v2\/types\/post"}],"author":[{"embeddable":true,"href":"https:\/\/www.lab.eus\/es\/wp-json\/wp\/v2\/users\/1"}],"replies":[{"embeddable":true,"href":"https:\/\/www.lab.eus\/es\/wp-json\/wp\/v2\/comments?post=19810"}],"version-history":[{"count":0,"href":"https:\/\/www.lab.eus\/es\/wp-json\/wp\/v2\/posts\/19810\/revisions"}],"wp:featuredmedia":[{"embeddable":true,"href":"https:\/\/www.lab.eus\/es\/wp-json\/wp\/v2\/media\/19808"}],"wp:attachment":[{"href":"https:\/\/www.lab.eus\/es\/wp-json\/wp\/v2\/media?parent=19810"}],"wp:term":[{"taxonomy":"category","embeddable":true,"href":"https:\/\/www.lab.eus\/es\/wp-json\/wp\/v2\/categories?post=19810"},{"taxonomy":"post_tag","embeddable":true,"href":"https:\/\/www.lab.eus\/es\/wp-json\/wp\/v2\/tags?post=19810"}],"curies":[{"name":"wp","href":"https:\/\/api.w.org\/{rel}","templated":true}]}}