{"id":19621,"date":"2019-06-24T12:38:17","date_gmt":"2019-06-24T12:38:17","guid":{"rendered":"https:\/\/www.lab.eus\/hemos-convocado-un-dia-de-reivindicacion-en-el-metal-de-araba-ante-la-estatalizacion-y-la-precariedad-que-defiende-sea\/"},"modified":"2019-06-24T12:38:17","modified_gmt":"2019-06-24T12:38:17","slug":"hemos-convocado-un-dia-de-reivindicacion-en-el-metal-de-araba-ante-la-estatalizacion-y-la-precariedad-que-defiende-sea","status":"publish","type":"post","link":"https:\/\/www.lab.eus\/es\/hemos-convocado-un-dia-de-reivindicacion-en-el-metal-de-araba-ante-la-estatalizacion-y-la-precariedad-que-defiende-sea\/","title":{"rendered":"Hemos convocado un D\u00eda de Reivindicaci\u00f3n en el metal de Araba ante la estatalizaci\u00f3n y la precariedad que defiende SEA"},"content":{"rendered":"<p> <\/p>\n<div style=\"padding-right:15px;width:345px; float:left; border-right-style:solid; border-right-width:1px; border-right-color:#dddddd\"><img loading=\"lazy\" decoding=\"async\" class=\" size-full wp-image-19620\" src=\"https:\/\/www.lab.eus\/wp-content\/uploads\/2019\/06\/materiala_argazkiak_industria_metala_19_06_24Araba_Metalgintza-Araba.jpeg\" width=\"345\" height=\"244\" alt=\"\" srcset=\"https:\/\/www.lab.eus\/wp-content\/uploads\/2019\/06\/materiala_argazkiak_industria_metala_19_06_24Araba_Metalgintza-Araba.jpeg 1280w, https:\/\/www.lab.eus\/wp-content\/uploads\/2019\/06\/materiala_argazkiak_industria_metala_19_06_24Araba_Metalgintza-Araba-300x212.jpeg 300w, https:\/\/www.lab.eus\/wp-content\/uploads\/2019\/06\/materiala_argazkiak_industria_metala_19_06_24Araba_Metalgintza-Araba-1024x724.jpeg 1024w, https:\/\/www.lab.eus\/wp-content\/uploads\/2019\/06\/materiala_argazkiak_industria_metala_19_06_24Araba_Metalgintza-Araba-768x543.jpeg 768w, https:\/\/www.lab.eus\/wp-content\/uploads\/2019\/06\/materiala_argazkiak_industria_metala_19_06_24Araba_Metalgintza-Araba-150x106.jpeg 150w, https:\/\/www.lab.eus\/wp-content\/uploads\/2019\/06\/materiala_argazkiak_industria_metala_19_06_24Araba_Metalgintza-Araba-696x492.jpeg 696w, https:\/\/www.lab.eus\/wp-content\/uploads\/2019\/06\/materiala_argazkiak_industria_metala_19_06_24Araba_Metalgintza-Araba-1068x755.jpeg 1068w, https:\/\/www.lab.eus\/wp-content\/uploads\/2019\/06\/materiala_argazkiak_industria_metala_19_06_24Araba_Metalgintza-Araba-594x420.jpeg 594w, https:\/\/www.lab.eus\/wp-content\/uploads\/2019\/06\/materiala_argazkiak_industria_metala_19_06_24Araba_Metalgintza-Araba-100x70.jpeg 100w\" sizes=\"auto, (max-width: 345px) 100vw, 345px\" \/><em><span style=\"font-size: 14px; \"><\/p>\n<p> Hoy, 24 de junio, se ha reunido la mesa negociadora del metal de Araba, y en ella SEA ha tenido una acitud muy clara: en la clasificaci&oacute;n profesional quiere establecer lo recogido en el convenio estatal del metal y rechaza la subrogaci&oacute;n. As&iacute; las cosas, LAB convoca un D&iacute;a de Reivindicaci&oacute;n el 26 de junio en Gasteiz, para reclamar soluciones a los problemas y necesidades de los trabajadores y trabajadoras, tanto en las empresas como en el sector del metal de Araba.<\/p>\n<p> <\/span><\/em>En la reuni&oacute;n de hoy, SEA se ha reafirmado en su propuesta de clasificaci&oacute;n profesional, que no hace sino establecer lo ya recogido en el convenio estatal del metal. Para LAB, la clasificaci&oacute;n profesional tiene que responder a las caracter&iacute;sticas de este territorio, y por tanto, considera inaceptable imponer aqu&iacute; lo que se negoci&oacute; y acord&oacute; en Madrid. Adem&aacute;s, mantiene categor&iacute;as que se han quedado obsoletaas y no supone ning&uacute;n tipo de mejora para los trabajadores y trabajadoras. En este tema, nos parece muy significativa la actitud de UGT, aceptando la estatalizaci&oacute;n y mencionando &quot;los l&iacute;mites de la ley&quot;, a pesar de que ello reduzca y condicione las posibilidades de negociaci&oacute;n en nuestro territorio.<\/p>\n<p> Por otro lado, los empresarios de Araba no aceptan la subrogaci&oacute;n de los trabajadores y trabajadoras de las subcontratas. Aunque la subrogaci&oacute;n est&aacute; ya recogida en otros convenios del metal y en otros convenios provinciales de Araba (como construcci&oacute;n, limpieza o transporte), SEA mantiene una posici&oacute;n contraria inexplicable, mostrando su verdadera cara.<\/p>\n<p> Ante esta situaci&oacute;n, LAB ha convocado para el d&iacute;a 26 de junio un D&iacute;a de Reivindicaci&oacute;n en el metal de Araba, para exigir soluciones, tanto en las empresas como a nivel sectorial, a las necesidades y problemas que tienen los trabajadores y trabajadoras. Durante todo el d&iacute;a, LAB socializar&aacute; sus reivindicaciones en las empresas y los pol&iacute;gonos y a las 11:30 realizar&aacute; una concentraci&oacute;n frente a la sede de SEA, en la plaza de los Celedones de Oro.<br \/> &nbsp;<\/div>\n<div style=\"width:180px; float:left; padding-left:15px;\">\n<div style=\"text-align: center; \"><a href=\"\/rssak\"><input src=\"\/materiala\/argazkiak\/feed.png\" alt=\"RSSak\" longdesc=\"undefined\" width=\"30\" type=\"image\" height=\"30\" \/><\/a><a target=\"_blank\" href=\"http:\/\/www.facebook.com\/pages\/LAB-sindikatua\/292846207397345\" rel=\"noopener noreferrer\"><input src=\"\/modules\/mod_socialmediacloud\/icons\/facebook.png\" alt=\"LAB Facebooken\" longdesc=\"undefined\" width=\"30\" type=\"image\" height=\"30\" \/><\/a><a target=\"_blank\" href=\"http:\/\/issuu.com\/lab_argitalpenak\" rel=\"noopener noreferrer\"><input src=\"\/modules\/mod_socialmediacloud\/icons\/issuu.png\" longdesc=\"undefined\" width=\"30\" type=\"image\" height=\"30\" \/><\/a><a target=\"_blank\" href=\"http:\/\/es.scribd.com\/LABsindikatua\" rel=\"noopener noreferrer\"><input src=\"\/modules\/mod_socialmediacloud\/icons\/scribd.png\" longdesc=\"undefined\" width=\"30\" type=\"image\" height=\"30\" \/><br \/> <\/a><\/div>\n<div style=\"text-align: center; \"><a target=\"_blank\" href=\"http:\/\/twitter.com\/LABsindikatua\" rel=\"noopener noreferrer\"><input src=\"\/modules\/mod_socialmediacloud\/icons\/twitter.png\" longdesc=\"undefined\" width=\"30\" type=\"image\" height=\"30\" \/><\/a><a target=\"_blank\" href=\"http:\/\/www.youtube.com\/user\/labsindikatua\" rel=\"noopener noreferrer\"><input src=\"\/modules\/mod_socialmediacloud\/icons\/youtube.png\" longdesc=\"undefined\" width=\"30\" type=\"image\" height=\"30\" \/><\/a><a target=\"_blank\" href=\"http:\/\/www.flickr.com\/photos\/lab-sindikatua\/\" rel=\"noopener noreferrer\"><input src=\"\/modules\/mod_socialmediacloud\/icons\/flickr.png\" longdesc=\"undefined\" width=\"30\" type=\"image\" height=\"30\" \/><\/a><a href=\"http:\/\/www.labsindikatua.org\/eu\/hasiera\/upload\"><input src=\"\/modules\/mod_socialmediacloud\/icons\/igo.png\" longdesc=\"undefined\" width=\"30\" type=\"image\" height=\"30\" \/><\/a><\/div>\n<p> &nbsp;<\/p><\/div>\n<div>&nbsp;<\/div>\n","protected":false},"excerpt":{"rendered":"<p>Hoy, 24 de junio, se ha reunido la mesa negociadora del metal de Araba, y en ella SEA ha tenido una acitud muy clara: en la clasificaci&oacute;n profesional quiere establecer lo recogido en el convenio estatal del metal y rechaza la subrogaci&oacute;n. As&iacute; las cosas, LAB convoca un D&iacute;a de Reivindicaci&oacute;n el 26 de junio [&hellip;]<\/p>\n","protected":false},"author":1,"featured_media":19620,"comment_status":"open","ping_status":"open","sticky":false,"template":"","format":"standard","meta":{"_monsterinsights_skip_tracking":false,"_monsterinsights_sitenote_active":false,"_monsterinsights_sitenote_note":"","_monsterinsights_sitenote_category":0,"footnotes":"","_links_to":"","_links_to_target":""},"categories":[108],"tags":[2996,3064],"class_list":{"0":"post-19621","1":"post","2":"type-post","3":"status-publish","4":"format-standard","5":"has-post-thumbnail","7":"category-es-metal","8":"tag-industria-es","9":"tag-metal-es"},"_links":{"self":[{"href":"https:\/\/www.lab.eus\/es\/wp-json\/wp\/v2\/posts\/19621","targetHints":{"allow":["GET"]}}],"collection":[{"href":"https:\/\/www.lab.eus\/es\/wp-json\/wp\/v2\/posts"}],"about":[{"href":"https:\/\/www.lab.eus\/es\/wp-json\/wp\/v2\/types\/post"}],"author":[{"embeddable":true,"href":"https:\/\/www.lab.eus\/es\/wp-json\/wp\/v2\/users\/1"}],"replies":[{"embeddable":true,"href":"https:\/\/www.lab.eus\/es\/wp-json\/wp\/v2\/comments?post=19621"}],"version-history":[{"count":0,"href":"https:\/\/www.lab.eus\/es\/wp-json\/wp\/v2\/posts\/19621\/revisions"}],"wp:featuredmedia":[{"embeddable":true,"href":"https:\/\/www.lab.eus\/es\/wp-json\/wp\/v2\/media\/19620"}],"wp:attachment":[{"href":"https:\/\/www.lab.eus\/es\/wp-json\/wp\/v2\/media?parent=19621"}],"wp:term":[{"taxonomy":"category","embeddable":true,"href":"https:\/\/www.lab.eus\/es\/wp-json\/wp\/v2\/categories?post=19621"},{"taxonomy":"post_tag","embeddable":true,"href":"https:\/\/www.lab.eus\/es\/wp-json\/wp\/v2\/tags?post=19621"}],"curies":[{"name":"wp","href":"https:\/\/api.w.org\/{rel}","templated":true}]}}