{"id":19492,"date":"2019-06-05T14:22:22","date_gmt":"2019-06-05T14:22:22","guid":{"rendered":"https:\/\/www.lab.eus\/el-corte-ingles-de-irunea-despide-a-dos-trabajadoras-bajo-acusaciones-falsas-con-el-unico-objetivo-de-amedentrar-a-la-plantilla\/"},"modified":"2019-06-05T14:22:22","modified_gmt":"2019-06-05T14:22:22","slug":"el-corte-ingles-de-irunea-despide-a-dos-trabajadoras-bajo-acusaciones-falsas-con-el-unico-objetivo-de-amedentrar-a-la-plantilla","status":"publish","type":"post","link":"https:\/\/www.lab.eus\/es\/el-corte-ingles-de-irunea-despide-a-dos-trabajadoras-bajo-acusaciones-falsas-con-el-unico-objetivo-de-amedentrar-a-la-plantilla\/","title":{"rendered":"El Corte Ingl\u00e9s de Iru\u00f1ea despide a dos trabajadoras, bajo acusaciones falsas, con el \u00fanico objetivo de amedentrar a la plantilla"},"content":{"rendered":"<p> <\/p>\n<div style=\"padding-right:15px;width:345px; float:left; border-right-style:solid; border-right-width:1px; border-right-color:#dddddd\"><img loading=\"lazy\" decoding=\"async\" class=\" size-full wp-image-19491\" src=\"https:\/\/www.lab.eus\/wp-content\/uploads\/2019\/06\/materiala_argazkiak_zerbitzuPribatuak_merkataritza_19_06_05ElCorteIngles_CorteIngles.jpg\" width=\"345\" height=\"488\" alt=\"\" srcset=\"https:\/\/www.lab.eus\/wp-content\/uploads\/2019\/06\/materiala_argazkiak_zerbitzuPribatuak_merkataritza_19_06_05ElCorteIngles_CorteIngles.jpg 848w, https:\/\/www.lab.eus\/wp-content\/uploads\/2019\/06\/materiala_argazkiak_zerbitzuPribatuak_merkataritza_19_06_05ElCorteIngles_CorteIngles-212x300.jpg 212w, https:\/\/www.lab.eus\/wp-content\/uploads\/2019\/06\/materiala_argazkiak_zerbitzuPribatuak_merkataritza_19_06_05ElCorteIngles_CorteIngles-724x1024.jpg 724w, https:\/\/www.lab.eus\/wp-content\/uploads\/2019\/06\/materiala_argazkiak_zerbitzuPribatuak_merkataritza_19_06_05ElCorteIngles_CorteIngles-768x1086.jpg 768w, https:\/\/www.lab.eus\/wp-content\/uploads\/2019\/06\/materiala_argazkiak_zerbitzuPribatuak_merkataritza_19_06_05ElCorteIngles_CorteIngles-150x212.jpg 150w, https:\/\/www.lab.eus\/wp-content\/uploads\/2019\/06\/materiala_argazkiak_zerbitzuPribatuak_merkataritza_19_06_05ElCorteIngles_CorteIngles-300x424.jpg 300w, https:\/\/www.lab.eus\/wp-content\/uploads\/2019\/06\/materiala_argazkiak_zerbitzuPribatuak_merkataritza_19_06_05ElCorteIngles_CorteIngles-696x984.jpg 696w, https:\/\/www.lab.eus\/wp-content\/uploads\/2019\/06\/materiala_argazkiak_zerbitzuPribatuak_merkataritza_19_06_05ElCorteIngles_CorteIngles-297x420.jpg 297w\" sizes=\"auto, (max-width: 345px) 100vw, 345px\" \/><em><span style=\"font-size: 14px; \"><\/p>\n<p> Realizaremos una concentraci&oacute;n frente a El Corte Ingl&eacute;s el 7 de junio, a las 11:00, para denunciar los despidos. No nos van a acallar!<br \/> <\/span><\/em><br \/> &nbsp;<\/div>\n<div style=\"width:180px; float:left; padding-left:15px;\">\n<div style=\"text-align: center; \"><a href=\"\/rssak\"><input src=\"\/materiala\/argazkiak\/feed.png\" alt=\"RSSak\" longdesc=\"undefined\" width=\"30\" type=\"image\" height=\"30\" \/><\/a><a target=\"_blank\" href=\"http:\/\/www.facebook.com\/pages\/LAB-sindikatua\/292846207397345\" rel=\"noopener noreferrer\"><input src=\"\/modules\/mod_socialmediacloud\/icons\/facebook.png\" alt=\"LAB Facebooken\" longdesc=\"undefined\" width=\"30\" type=\"image\" height=\"30\" \/><\/a><a target=\"_blank\" href=\"http:\/\/issuu.com\/lab_argitalpenak\" rel=\"noopener noreferrer\"><input src=\"\/modules\/mod_socialmediacloud\/icons\/issuu.png\" longdesc=\"undefined\" width=\"30\" type=\"image\" height=\"30\" \/><\/a><a target=\"_blank\" href=\"http:\/\/es.scribd.com\/LABsindikatua\" rel=\"noopener noreferrer\"><input src=\"\/modules\/mod_socialmediacloud\/icons\/scribd.png\" longdesc=\"undefined\" width=\"30\" type=\"image\" height=\"30\" \/><br \/> <\/a><\/div>\n<div style=\"text-align: center; \"><a target=\"_blank\" href=\"http:\/\/twitter.com\/LABsindikatua\" rel=\"noopener noreferrer\"><input src=\"\/modules\/mod_socialmediacloud\/icons\/twitter.png\" longdesc=\"undefined\" width=\"30\" type=\"image\" height=\"30\" \/><\/a><a target=\"_blank\" href=\"http:\/\/www.youtube.com\/user\/labsindikatua\" rel=\"noopener noreferrer\"><input src=\"\/modules\/mod_socialmediacloud\/icons\/youtube.png\" longdesc=\"undefined\" width=\"30\" type=\"image\" height=\"30\" \/><\/a><a target=\"_blank\" href=\"http:\/\/www.flickr.com\/photos\/lab-sindikatua\/\" rel=\"noopener noreferrer\"><input src=\"\/modules\/mod_socialmediacloud\/icons\/flickr.png\" longdesc=\"undefined\" width=\"30\" type=\"image\" height=\"30\" \/><\/a><a href=\"http:\/\/www.labsindikatua.org\/eu\/hasiera\/upload\"><input src=\"\/modules\/mod_socialmediacloud\/icons\/igo.png\" longdesc=\"undefined\" width=\"30\" type=\"image\" height=\"30\" \/><\/a><\/div>\n<p> &nbsp;<\/p><\/div>\n<div>&nbsp;<\/div>\n","protected":false},"excerpt":{"rendered":"<p>Realizaremos una concentraci&oacute;n frente a El Corte Ingl&eacute;s el 7 de junio, a las 11:00, para denunciar los despidos. No nos van a acallar! &nbsp; &nbsp; &nbsp;<\/p>\n","protected":false},"author":1,"featured_media":19491,"comment_status":"open","ping_status":"open","sticky":false,"template":"","format":"standard","meta":{"_monsterinsights_skip_tracking":false,"_monsterinsights_sitenote_active":false,"_monsterinsights_sitenote_note":"","_monsterinsights_sitenote_category":0,"footnotes":"","_links_to":"","_links_to_target":""},"categories":[2955,2998],"tags":[],"class_list":{"0":"post-19492","1":"post","2":"type-post","3":"status-publish","4":"format-standard","5":"has-post-thumbnail","7":"category-comercio","8":"category-uncategorized-eu-es"},"_links":{"self":[{"href":"https:\/\/www.lab.eus\/es\/wp-json\/wp\/v2\/posts\/19492","targetHints":{"allow":["GET"]}}],"collection":[{"href":"https:\/\/www.lab.eus\/es\/wp-json\/wp\/v2\/posts"}],"about":[{"href":"https:\/\/www.lab.eus\/es\/wp-json\/wp\/v2\/types\/post"}],"author":[{"embeddable":true,"href":"https:\/\/www.lab.eus\/es\/wp-json\/wp\/v2\/users\/1"}],"replies":[{"embeddable":true,"href":"https:\/\/www.lab.eus\/es\/wp-json\/wp\/v2\/comments?post=19492"}],"version-history":[{"count":0,"href":"https:\/\/www.lab.eus\/es\/wp-json\/wp\/v2\/posts\/19492\/revisions"}],"wp:featuredmedia":[{"embeddable":true,"href":"https:\/\/www.lab.eus\/es\/wp-json\/wp\/v2\/media\/19491"}],"wp:attachment":[{"href":"https:\/\/www.lab.eus\/es\/wp-json\/wp\/v2\/media?parent=19492"}],"wp:term":[{"taxonomy":"category","embeddable":true,"href":"https:\/\/www.lab.eus\/es\/wp-json\/wp\/v2\/categories?post=19492"},{"taxonomy":"post_tag","embeddable":true,"href":"https:\/\/www.lab.eus\/es\/wp-json\/wp\/v2\/tags?post=19492"}],"curies":[{"name":"wp","href":"https:\/\/api.w.org\/{rel}","templated":true}]}}